{"id":73502,"date":"2026-04-28T16:08:04","date_gmt":"2026-04-28T19:08:04","guid":{"rendered":"https:\/\/hablemosclarotdf.com.ar\/?p=73502"},"modified":"2026-04-28T16:08:04","modified_gmt":"2026-04-28T19:08:04","slug":"invierno-en-el-fin-del-mundo-amplia-convocatoria-y-nuevas-oportunidades-comerciales-para-el-destino","status":"publish","type":"post","link":"https:\/\/hablemosclarotdf.com.ar\/?p=73502","title":{"rendered":"\u201cINVIERNO EN EL FIN DEL MUNDO\u201d: AMPLIA CONVOCATORIA Y NUEVAS OPORTUNIDADES COMERCIALES PARA EL DESTINO"},"content":{"rendered":"<p>El Instituto Fueguino de Turismo llev\u00f3 a cabo una importante acci\u00f3n comercial con rondas de negocios y presentaciones de la oferta invernal del destino Tierra del Fuego \u2013 Fin del Mundo para esta temporada, donde participaron 45 prestadores de servicios tur\u00edsticos de la provincia y 160 operadores emisivos de Buenos Aires.<\/p>\n<p>Esta acci\u00f3n, enmarcada en el Plan de Marketing de Tierra del Fuego, estuvo dirigida al trade tur\u00edstico, con el objetivo de continuar fortaleciendo a\u00f1o a a\u00f1o la comercializaci\u00f3n de la oferta integral del destino para la temporada de invierno 2026 en el mercado prioritario de Buenos Aires (AMBA).<\/p>\n<p>\u201cAgradecemos la participaci\u00f3n tanto del sector privado fueguino, que present\u00f3 su amplia oferta en servicios de alojamiento, actividades y excursiones, como a los operadores interesados en comercializar el destino. Esta es una iniciativa importante que mantenemos a\u00f1o a a\u00f1o en el calendario de acciones para fortalecer los lazos comerciales de nuestros operadores y brindar un espacio para la actualizaci\u00f3n de la oferta del Fin del Mundo\u201d, explic\u00f3 Dante Querciali, presidente del INFUETUR.<\/p>\n<p>\u201cInvierno en el Fin del Mundo\u201d fue organizado por el INFUETUR con el acompa\u00f1amiento de la C\u00e1mara de Turismo de Tierra del Fuego, la Asociaci\u00f3n Fueguina de Agencias de Viajes y Turismo (AAFUVYT), AHT filial TDF y la C\u00e1mara Hotelera y Gastron\u00f3mica provincial, junto a las l\u00edneas a\u00e9reas que conectar\u00e1n a nuestro destino en esta temporada invernal: Aerol\u00edneas Argentinas, JetSMART, Flybondi, LADE, GOL y LATAM.<\/p>\n<p>En este marco, el titular del ente tur\u00edstico provincial destac\u00f3 la presencia de las seis l\u00edneas a\u00e9reas que brindar\u00e1n vuelos este invierno al destino: \u201cSon actores estrat\u00e9gicos para la conectividad de Tierra del Fuego y permiten la llegada de viajeros de todo el mundo. Este a\u00f1o podemos destacar la variada conectividad directa entre San Pablo y Ushuaia, gracias a las frecuencias que ofrecer\u00e1n Aerol\u00edneas Argentinas, GOL y LATAM. Sin dudas, esto es un hito para nuestro destino, ya que nunca hab\u00eda sucedido previamente\u201d.<\/p>\n<p>De esta manera, la jornada, dirigida a operadores mayoristas y minoristas del mercado AMBA, cont\u00f3 con un espacio para el intercambio comercial a trav\u00e9s de las rondas de negocios, con citas preacordadas dentro de una plataforma que el INFUETUR brind\u00f3 para la organizaci\u00f3n de los encuentros. Luego se realiz\u00f3 la presentaci\u00f3n oficial de la temporada invierno 2026 en el Fin del Mundo, junto con las exposiciones de novedades por parte de Cerro Castor, Cerro Martial y Tierra Mayor.<\/p>\n<p>Adem\u00e1s, en el encuentro se destac\u00f3 la realizaci\u00f3n de importantes eventos que se presentan como oportunidades de comercializaci\u00f3n de nuevos productos, como la Fiesta Nacional del Invierno, que se realizar\u00e1 el 10 de julio, y la Bajada con Antorchas en Cerro Martial, el 8 de agosto.<\/p>\n<p>Cabe resaltar que esta jornada se viene realizando desde hace cinco a\u00f1os con el fin de generar un espacio efectivo de intercambio comercial entre operadores emisivos y prestadores tur\u00edsticos de Tierra del Fuego, contribuyendo al incremento de la estad\u00eda promedio de los visitantes en el destino, potenciando las herramientas de venta y promoviendo nuevas experiencias en los programas de viaje comercializados.<\/p>\n<p>Para concluir, Querciali realiz\u00f3 un balance positivo del encuentro, expresando que \u201ceste tipo de acciones que realizamos antes del inicio de las temporadas de invierno y de verano buscan potenciar la presencia del destino en el mercado de Buenos Aires, promover la actualizaci\u00f3n de la oferta y generar oportunidades concretas de vinculaci\u00f3n comercial entre los actores del destino y los principales operadores emisivos del pa\u00eds\u201d.<\/p>\n<p><img loading=\"lazy\" decoding=\"async\" class=\"alignnone size-medium wp-image-73504\" src=\"https:\/\/hablemosclarotdf.com.ar\/wp-content\/uploads\/2026\/04\/photo_2026-04-28_16-06-57-300x239.jpg\" alt=\"\" width=\"300\" height=\"239\" srcset=\"https:\/\/hablemosclarotdf.com.ar\/wp-content\/uploads\/2026\/04\/photo_2026-04-28_16-06-57-300x239.jpg 300w, https:\/\/hablemosclarotdf.com.ar\/wp-content\/uploads\/2026\/04\/photo_2026-04-28_16-06-57-768x611.jpg 768w, https:\/\/hablemosclarotdf.com.ar\/wp-content\/uploads\/2026\/04\/photo_2026-04-28_16-06-57.jpg 960w\" sizes=\"auto, (max-width: 300px) 100vw, 300px\" \/> <img loading=\"lazy\" decoding=\"async\" class=\"alignnone size-medium wp-image-73505\" src=\"https:\/\/hablemosclarotdf.com.ar\/wp-content\/uploads\/2026\/04\/photo_2026-04-28_16-07-03-300x239.jpg\" alt=\"\" width=\"300\" height=\"239\" srcset=\"https:\/\/hablemosclarotdf.com.ar\/wp-content\/uploads\/2026\/04\/photo_2026-04-28_16-07-03-300x239.jpg 300w, https:\/\/hablemosclarotdf.com.ar\/wp-content\/uploads\/2026\/04\/photo_2026-04-28_16-07-03.jpg 720w\" sizes=\"auto, (max-width: 300px) 100vw, 300px\" \/><\/p>\n","protected":false},"excerpt":{"rendered":"<p>El Instituto Fueguino de Turismo llev\u00f3 a cabo una importante acci\u00f3n comercial con rondas de&#8230;<\/p>\n","protected":false},"author":1,"featured_media":73503,"comment_status":"closed","ping_status":"closed","sticky":false,"template":"","format":"standard","meta":{"footnotes":""},"categories":[3],"tags":[],"class_list":["post-73502","post","type-post","status-publish","format-standard","has-post-thumbnail","hentry","category-noticias"],"jetpack_featured_media_url":"https:\/\/hablemosclarotdf.com.ar\/wp-content\/uploads\/2026\/04\/photo_2026-04-28_16-06-45.jpg","_links":{"self":[{"href":"https:\/\/hablemosclarotdf.com.ar\/index.php?rest_route=\/wp\/v2\/posts\/73502","targetHints":{"allow":["GET"]}}],"collection":[{"href":"https:\/\/hablemosclarotdf.com.ar\/index.php?rest_route=\/wp\/v2\/posts"}],"about":[{"href":"https:\/\/hablemosclarotdf.com.ar\/index.php?rest_route=\/wp\/v2\/types\/post"}],"author":[{"embeddable":true,"href":"https:\/\/hablemosclarotdf.com.ar\/index.php?rest_route=\/wp\/v2\/users\/1"}],"replies":[{"embeddable":true,"href":"https:\/\/hablemosclarotdf.com.ar\/index.php?rest_route=%2Fwp%2Fv2%2Fcomments&post=73502"}],"version-history":[{"count":1,"href":"https:\/\/hablemosclarotdf.com.ar\/index.php?rest_route=\/wp\/v2\/posts\/73502\/revisions"}],"predecessor-version":[{"id":73506,"href":"https:\/\/hablemosclarotdf.com.ar\/index.php?rest_route=\/wp\/v2\/posts\/73502\/revisions\/73506"}],"wp:featuredmedia":[{"embeddable":true,"href":"https:\/\/hablemosclarotdf.com.ar\/index.php?rest_route=\/wp\/v2\/media\/73503"}],"wp:attachment":[{"href":"https:\/\/hablemosclarotdf.com.ar\/index.php?rest_route=%2Fwp%2Fv2%2Fmedia&parent=73502"}],"wp:term":[{"taxonomy":"category","embeddable":true,"href":"https:\/\/hablemosclarotdf.com.ar\/index.php?rest_route=%2Fwp%2Fv2%2Fcategories&post=73502"},{"taxonomy":"post_tag","embeddable":true,"href":"https:\/\/hablemosclarotdf.com.ar\/index.php?rest_route=%2Fwp%2Fv2%2Ftags&post=73502"}],"curies":[{"name":"wp","href":"https:\/\/api.w.org\/{rel}","templated":true}]}}