{"id":73494,"date":"2026-04-28T15:35:49","date_gmt":"2026-04-28T18:35:49","guid":{"rendered":"https:\/\/hablemosclarotdf.com.ar\/?p=73494"},"modified":"2026-04-28T15:35:49","modified_gmt":"2026-04-28T18:35:49","slug":"rio-grande-a-sala-llena-la-casa-de-la-cultura-celebro-su-39-aniversario-junto-a-la-comunidad","status":"publish","type":"post","link":"https:\/\/hablemosclarotdf.com.ar\/?p=73494","title":{"rendered":"RIO GRANDE : A SALA LLENA, LA CASA DE LA CULTURA CELEBR\u00d3 SU 39\u00b0 ANIVERSARIO JUNTO A LA COMUNIDAD"},"content":{"rendered":"<p>Con una gran convocatoria de vecinos y vecinas, la Casa de la Cultura de R\u00edo Grande celebr\u00f3 su 39\u00b0 aniversario con dos propuestas art\u00edsticas que colmaron la sala y pusieron en valor el talento local, en un fin de semana marcado por la emoci\u00f3n, el encuentro y la cultura.<\/p>\n<p>El viernes por la noche, la Banda Municipal de M\u00fasica junto a artistas invitados brind\u00f3 un espect\u00e1culo lleno de cl\u00e1sicos, generando un ambiente de alegr\u00eda, canto y participaci\u00f3n, donde el p\u00fablico acompa\u00f1\u00f3 cada interpretaci\u00f3n y disfrut\u00f3 de una velada especial en este espacio tan representativo de la ciudad.<\/p>\n<p>En tanto, el s\u00e1bado por la tarde, las familias fueron protagonistas de una jornada pensada especialmente para las infancias. \u201cMonstruos en la Casa de la Cultura\u201d, a cargo de la Orquesta Municipal Kay\u00e9n junto a actores y actrices de la ciudad, ofreci\u00f3 una propuesta l\u00fadica y musical que combin\u00f3 teatro, m\u00fasica y juego, despertando la imaginaci\u00f3n y la participaci\u00f3n de chicos y chicas en un entorno creativo y divertido. Debido a la gran convocatoria, la propuesta tambi\u00e9n cont\u00f3 con una funci\u00f3n el d\u00eda domingo, permitiendo que m\u00e1s familias puedan disfrutar de este espect\u00e1culo.<\/p>\n<p>En todas las funciones se realiz\u00f3 una menci\u00f3n especial en conmemoraci\u00f3n de Esteban \u201cChiquito\u201d Mart\u00ednez. Cabe destacar que la Casa de la Cultura fue proyectada e inaugurada durante su gesti\u00f3n, por lo que este aniversario tambi\u00e9n represent\u00f3 una oportunidad para recordar su legado y su valioso aporte al desarrollo cultural de R\u00edo Grande. En la funci\u00f3n del viernes estuvo presente su esposa, Rosario, quien acompa\u00f1\u00f3 este emotivo homenaje.<\/p>\n<p>A lo largo de sus 39 a\u00f1os, la Casa de la Cultura se ha consolidado como un espacio emblem\u00e1tico de R\u00edo Grande, donde generaciones de vecinos y vecinas han compartido experiencias art\u00edsticas, formativas y recreativas, fortaleciendo el v\u00ednculo entre la comunidad y el arte.<\/p>\n<p>Debido a la gran convocatoria y a que las entradas se agotaron r\u00e1pidamente, este jueves 30 la Banda Municipal de M\u00fasica repetir\u00e1 la funci\u00f3n realizada el viernes. El concierto tendr\u00e1 lugar a las 20:30 horas, y las entradas estar\u00e1n disponibles a partir del mediod\u00eda del mismo d\u00eda en la boleter\u00eda de la Casa de la Cultura.<\/p>\n<p>De esta manera, el Municipio de R\u00edo Grande contin\u00faa promoviendo el acceso a propuestas culturales de calidad, acompa\u00f1ando el desarrollo de artistas locales y generando espacios de encuentro que fortalecen la identidad cultural de nuestra ciudad.<\/p>\n<p><img loading=\"lazy\" decoding=\"async\" class=\"alignnone size-medium wp-image-73496\" src=\"https:\/\/hablemosclarotdf.com.ar\/wp-content\/uploads\/2026\/04\/photo_2026-04-28_15-33-31-300x200.jpg\" alt=\"\" width=\"300\" height=\"200\" srcset=\"https:\/\/hablemosclarotdf.com.ar\/wp-content\/uploads\/2026\/04\/photo_2026-04-28_15-33-31-300x200.jpg 300w, https:\/\/hablemosclarotdf.com.ar\/wp-content\/uploads\/2026\/04\/photo_2026-04-28_15-33-31-1024x682.jpg 1024w, https:\/\/hablemosclarotdf.com.ar\/wp-content\/uploads\/2026\/04\/photo_2026-04-28_15-33-31-768x512.jpg 768w, https:\/\/hablemosclarotdf.com.ar\/wp-content\/uploads\/2026\/04\/photo_2026-04-28_15-33-31.jpg 1280w\" sizes=\"auto, (max-width: 300px) 100vw, 300px\" \/> <img loading=\"lazy\" decoding=\"async\" class=\"alignnone size-medium wp-image-73497\" src=\"https:\/\/hablemosclarotdf.com.ar\/wp-content\/uploads\/2026\/04\/photo_2026-04-28_15-33-35-300x200.jpg\" alt=\"\" width=\"300\" height=\"200\" srcset=\"https:\/\/hablemosclarotdf.com.ar\/wp-content\/uploads\/2026\/04\/photo_2026-04-28_15-33-35-300x200.jpg 300w, https:\/\/hablemosclarotdf.com.ar\/wp-content\/uploads\/2026\/04\/photo_2026-04-28_15-33-35-1024x682.jpg 1024w, https:\/\/hablemosclarotdf.com.ar\/wp-content\/uploads\/2026\/04\/photo_2026-04-28_15-33-35-768x512.jpg 768w, https:\/\/hablemosclarotdf.com.ar\/wp-content\/uploads\/2026\/04\/photo_2026-04-28_15-33-35.jpg 1280w\" sizes=\"auto, (max-width: 300px) 100vw, 300px\" \/> <img loading=\"lazy\" decoding=\"async\" class=\"alignnone size-medium wp-image-73498\" src=\"https:\/\/hablemosclarotdf.com.ar\/wp-content\/uploads\/2026\/04\/photo_2026-04-28_15-33-41-300x200.jpg\" alt=\"\" width=\"300\" height=\"200\" srcset=\"https:\/\/hablemosclarotdf.com.ar\/wp-content\/uploads\/2026\/04\/photo_2026-04-28_15-33-41-300x200.jpg 300w, https:\/\/hablemosclarotdf.com.ar\/wp-content\/uploads\/2026\/04\/photo_2026-04-28_15-33-41-1024x682.jpg 1024w, https:\/\/hablemosclarotdf.com.ar\/wp-content\/uploads\/2026\/04\/photo_2026-04-28_15-33-41-768x512.jpg 768w, https:\/\/hablemosclarotdf.com.ar\/wp-content\/uploads\/2026\/04\/photo_2026-04-28_15-33-41.jpg 1280w\" sizes=\"auto, (max-width: 300px) 100vw, 300px\" \/> <img loading=\"lazy\" decoding=\"async\" class=\"alignnone size-medium wp-image-73499\" src=\"https:\/\/hablemosclarotdf.com.ar\/wp-content\/uploads\/2026\/04\/photo_2026-04-28_15-33-47-300x214.jpg\" alt=\"\" width=\"300\" height=\"214\" srcset=\"https:\/\/hablemosclarotdf.com.ar\/wp-content\/uploads\/2026\/04\/photo_2026-04-28_15-33-47-300x214.jpg 300w, https:\/\/hablemosclarotdf.com.ar\/wp-content\/uploads\/2026\/04\/photo_2026-04-28_15-33-47-1024x731.jpg 1024w, https:\/\/hablemosclarotdf.com.ar\/wp-content\/uploads\/2026\/04\/photo_2026-04-28_15-33-47-768x548.jpg 768w, https:\/\/hablemosclarotdf.com.ar\/wp-content\/uploads\/2026\/04\/photo_2026-04-28_15-33-47.jpg 1280w\" sizes=\"auto, (max-width: 300px) 100vw, 300px\" \/> <img loading=\"lazy\" decoding=\"async\" class=\"alignnone size-medium wp-image-73500\" src=\"https:\/\/hablemosclarotdf.com.ar\/wp-content\/uploads\/2026\/04\/photo_2026-04-28_15-33-53-300x200.jpg\" alt=\"\" width=\"300\" height=\"200\" srcset=\"https:\/\/hablemosclarotdf.com.ar\/wp-content\/uploads\/2026\/04\/photo_2026-04-28_15-33-53-300x200.jpg 300w, https:\/\/hablemosclarotdf.com.ar\/wp-content\/uploads\/2026\/04\/photo_2026-04-28_15-33-53-1024x682.jpg 1024w, https:\/\/hablemosclarotdf.com.ar\/wp-content\/uploads\/2026\/04\/photo_2026-04-28_15-33-53-768x512.jpg 768w, https:\/\/hablemosclarotdf.com.ar\/wp-content\/uploads\/2026\/04\/photo_2026-04-28_15-33-53.jpg 1280w\" sizes=\"auto, (max-width: 300px) 100vw, 300px\" \/><\/p>\n","protected":false},"excerpt":{"rendered":"<p>Con una gran convocatoria de vecinos y vecinas, la Casa de la Cultura de R\u00edo&#8230;<\/p>\n","protected":false},"author":1,"featured_media":73495,"comment_status":"closed","ping_status":"closed","sticky":false,"template":"","format":"standard","meta":{"footnotes":""},"categories":[3],"tags":[],"class_list":["post-73494","post","type-post","status-publish","format-standard","has-post-thumbnail","hentry","category-noticias"],"jetpack_featured_media_url":"https:\/\/hablemosclarotdf.com.ar\/wp-content\/uploads\/2026\/04\/photo_2026-04-28_15-33-16.jpg","_links":{"self":[{"href":"https:\/\/hablemosclarotdf.com.ar\/index.php?rest_route=\/wp\/v2\/posts\/73494","targetHints":{"allow":["GET"]}}],"collection":[{"href":"https:\/\/hablemosclarotdf.com.ar\/index.php?rest_route=\/wp\/v2\/posts"}],"about":[{"href":"https:\/\/hablemosclarotdf.com.ar\/index.php?rest_route=\/wp\/v2\/types\/post"}],"author":[{"embeddable":true,"href":"https:\/\/hablemosclarotdf.com.ar\/index.php?rest_route=\/wp\/v2\/users\/1"}],"replies":[{"embeddable":true,"href":"https:\/\/hablemosclarotdf.com.ar\/index.php?rest_route=%2Fwp%2Fv2%2Fcomments&post=73494"}],"version-history":[{"count":1,"href":"https:\/\/hablemosclarotdf.com.ar\/index.php?rest_route=\/wp\/v2\/posts\/73494\/revisions"}],"predecessor-version":[{"id":73501,"href":"https:\/\/hablemosclarotdf.com.ar\/index.php?rest_route=\/wp\/v2\/posts\/73494\/revisions\/73501"}],"wp:featuredmedia":[{"embeddable":true,"href":"https:\/\/hablemosclarotdf.com.ar\/index.php?rest_route=\/wp\/v2\/media\/73495"}],"wp:attachment":[{"href":"https:\/\/hablemosclarotdf.com.ar\/index.php?rest_route=%2Fwp%2Fv2%2Fmedia&parent=73494"}],"wp:term":[{"taxonomy":"category","embeddable":true,"href":"https:\/\/hablemosclarotdf.com.ar\/index.php?rest_route=%2Fwp%2Fv2%2Fcategories&post=73494"},{"taxonomy":"post_tag","embeddable":true,"href":"https:\/\/hablemosclarotdf.com.ar\/index.php?rest_route=%2Fwp%2Fv2%2Ftags&post=73494"}],"curies":[{"name":"wp","href":"https:\/\/api.w.org\/{rel}","templated":true}]}}