{"id":73467,"date":"2026-04-28T11:22:45","date_gmt":"2026-04-28T14:22:45","guid":{"rendered":"https:\/\/hablemosclarotdf.com.ar\/?p=73467"},"modified":"2026-04-28T11:22:45","modified_gmt":"2026-04-28T14:22:45","slug":"tierra-del-fuego-presento-el-protocolo-de-recuperacion-de-restos-humanos-arqueologicos-para-garantizar-el-respeto-y-la-reparacion-historica","status":"publish","type":"post","link":"https:\/\/hablemosclarotdf.com.ar\/?p=73467","title":{"rendered":"TIERRA DEL FUEGO PRESENT\u00d3 EL PROTOCOLO DE RECUPERACI\u00d3N DE RESTOS HUMANOS ARQUEOL\u00d3GICOS PARA GARANTIZAR EL RESPETO Y LA REPARACI\u00d3N HIST\u00d3RICA"},"content":{"rendered":"<p>En una jornada llevada adelante en el Museo del Fin del Mundo, la Secretar\u00eda de Cultura, dependiente de la Agencia de Innovaci\u00f3n, realiz\u00f3 la presentaci\u00f3n oficial del Protocolo de Recuperaci\u00f3n de Restos Humanos Arqueol\u00f3gicos. Este documento establece reglas claras para el accionar frente a hallazgos fortuitos, priorizando la conservaci\u00f3n del patrimonio provincial y el respeto profundo a las comunidades originarias.<\/p>\n<p>El protocolo es el fruto de un trabajo mancomunado iniciado en 2025 entre la Secretar\u00eda de Cultura, la Subsecretar\u00eda de Pueblos Originarios y el asesoramiento t\u00e9cnico del Instituto Nacional de Asuntos Ind\u00edgenas (INAI), a trav\u00e9s de su Programa de Identificaci\u00f3n y Restituci\u00f3n de Restos Humanos.<\/p>\n<p>Al respecto, el secretario de Cultura, Aureliano Rodr\u00edguez, destac\u00f3 la relevancia de este paso institucional. \u201cBuscamos tener reglas claras para accionar frente al hallazgo fortuito de restos humanos; poder determinar qui\u00e9n interviene, c\u00f3mo se resguardan esos restos y c\u00f3mo se respeta la Ley Nacional 25.517\u201d, dijo.<\/p>\n<p>Asimismo, la presentaci\u00f3n cont\u00f3 con la participaci\u00f3n de referentes de los pueblos originarios, fuerzas de seguridad e investigadores de la Universidad Nacional de Tierra del Fuego y del CADIC-CONICET.<\/p>\n<p>Por su parte, Pamela Altamirano, subsecretaria de Pueblos Originarios y Diversidades Culturales, remarc\u00f3 el car\u00e1cter humano de la medida. \u201cEste Protocolo es una pol\u00edtica p\u00fablica con enfoque de derechos humanos que reconoce a los pueblos ind\u00edgenas como sujetos de derechos colectivos. Garantiza que los pueblos Yag\u00e1n y Selk\u2019nam tengan informaci\u00f3n y participaci\u00f3n directa en cada hallazgo. Es una acci\u00f3n de reparaci\u00f3n hist\u00f3rica y la base necesaria para avanzar en la restituci\u00f3n que exige la Ley Provincial 925\u201d.<\/p>\n<p>Algunos de los puntos clave del Protocolo definen procedimientos estrictos para evitar el deterioro de los restos, considerados ancestros bajo un principio rector de respeto, tales como:<\/p>\n<p>-Intervenci\u00f3n Profesional: solo graduados en Antropolog\u00eda o Arqueolog\u00eda habilitados podr\u00e1n manipular los restos.<\/p>\n<p>-Procedimiento ante Hallazgos: si un ciudadano encuentra restos, debe avisar inmediatamente a Patrimonio o al Museo. Los profesionales evaluar\u00e1n el riesgo in situ y coordinar\u00e1n con la Subsecretar\u00eda de Pueblos Originarios quien ser\u00e1 garante de las participaci\u00f3n y consentimiento de las comunidades originarias ante hallazgos.<\/p>\n<p>-Prohibici\u00f3n de Exhibici\u00f3n: queda estrictamente prohibida la exhibici\u00f3n p\u00fablica de los restos humanos.<\/p>\n<p>-Plazos y Coordinaci\u00f3n: se establecen plazos de 60 d\u00edas para informes preliminares, asegurando una gesti\u00f3n \u00e1gil y una coordinaci\u00f3n obligatoria entre las \u00e1reas de Cultura y Pueblos Originarios.<\/p>\n<p>Con esta herramienta, la provincia de Tierra del Fuego A e I.A.S se alinea con est\u00e1ndares internacionales de derechos para los pueblos ind\u00edgenas, consolidando un camino formal para la elaboraci\u00f3n participativa del Protocolo de Restituci\u00f3n de Restos Humanos Ind\u00edgenas, reafirmando su compromiso con la identidad, la \u00e9tica cient\u00edfica y la memoria de los pueblos que habitan este territorio.<\/p>\n<p><img loading=\"lazy\" decoding=\"async\" class=\"alignnone size-medium wp-image-73469\" src=\"https:\/\/hablemosclarotdf.com.ar\/wp-content\/uploads\/2026\/04\/photo_2026-04-28_11-20-35-300x200.jpg\" alt=\"\" width=\"300\" height=\"200\" srcset=\"https:\/\/hablemosclarotdf.com.ar\/wp-content\/uploads\/2026\/04\/photo_2026-04-28_11-20-35-300x200.jpg 300w, https:\/\/hablemosclarotdf.com.ar\/wp-content\/uploads\/2026\/04\/photo_2026-04-28_11-20-35-1024x682.jpg 1024w, https:\/\/hablemosclarotdf.com.ar\/wp-content\/uploads\/2026\/04\/photo_2026-04-28_11-20-35-768x511.jpg 768w, https:\/\/hablemosclarotdf.com.ar\/wp-content\/uploads\/2026\/04\/photo_2026-04-28_11-20-35.jpg 1280w\" sizes=\"auto, (max-width: 300px) 100vw, 300px\" \/> <img loading=\"lazy\" decoding=\"async\" class=\"alignnone size-medium wp-image-73470\" src=\"https:\/\/hablemosclarotdf.com.ar\/wp-content\/uploads\/2026\/04\/photo_2026-04-28_11-20-39-300x200.jpg\" alt=\"\" width=\"300\" height=\"200\" srcset=\"https:\/\/hablemosclarotdf.com.ar\/wp-content\/uploads\/2026\/04\/photo_2026-04-28_11-20-39-300x200.jpg 300w, https:\/\/hablemosclarotdf.com.ar\/wp-content\/uploads\/2026\/04\/photo_2026-04-28_11-20-39-1024x682.jpg 1024w, https:\/\/hablemosclarotdf.com.ar\/wp-content\/uploads\/2026\/04\/photo_2026-04-28_11-20-39-768x511.jpg 768w, https:\/\/hablemosclarotdf.com.ar\/wp-content\/uploads\/2026\/04\/photo_2026-04-28_11-20-39.jpg 1280w\" sizes=\"auto, (max-width: 300px) 100vw, 300px\" \/> <img loading=\"lazy\" decoding=\"async\" class=\"alignnone size-medium wp-image-73471\" src=\"https:\/\/hablemosclarotdf.com.ar\/wp-content\/uploads\/2026\/04\/photo_2026-04-28_11-20-44-300x200.jpg\" alt=\"\" width=\"300\" height=\"200\" srcset=\"https:\/\/hablemosclarotdf.com.ar\/wp-content\/uploads\/2026\/04\/photo_2026-04-28_11-20-44-300x200.jpg 300w, https:\/\/hablemosclarotdf.com.ar\/wp-content\/uploads\/2026\/04\/photo_2026-04-28_11-20-44-1024x682.jpg 1024w, https:\/\/hablemosclarotdf.com.ar\/wp-content\/uploads\/2026\/04\/photo_2026-04-28_11-20-44-768x511.jpg 768w, https:\/\/hablemosclarotdf.com.ar\/wp-content\/uploads\/2026\/04\/photo_2026-04-28_11-20-44.jpg 1280w\" sizes=\"auto, (max-width: 300px) 100vw, 300px\" \/> <img loading=\"lazy\" decoding=\"async\" class=\"alignnone size-medium wp-image-73472\" src=\"https:\/\/hablemosclarotdf.com.ar\/wp-content\/uploads\/2026\/04\/photo_2026-04-28_11-20-49-300x200.jpg\" alt=\"\" width=\"300\" height=\"200\" srcset=\"https:\/\/hablemosclarotdf.com.ar\/wp-content\/uploads\/2026\/04\/photo_2026-04-28_11-20-49-300x200.jpg 300w, https:\/\/hablemosclarotdf.com.ar\/wp-content\/uploads\/2026\/04\/photo_2026-04-28_11-20-49-1024x682.jpg 1024w, https:\/\/hablemosclarotdf.com.ar\/wp-content\/uploads\/2026\/04\/photo_2026-04-28_11-20-49-768x511.jpg 768w, https:\/\/hablemosclarotdf.com.ar\/wp-content\/uploads\/2026\/04\/photo_2026-04-28_11-20-49.jpg 1280w\" sizes=\"auto, (max-width: 300px) 100vw, 300px\" \/> <img loading=\"lazy\" decoding=\"async\" class=\"alignnone size-medium wp-image-73473\" src=\"https:\/\/hablemosclarotdf.com.ar\/wp-content\/uploads\/2026\/04\/photo_2026-04-28_11-20-54-300x200.jpg\" alt=\"\" width=\"300\" height=\"200\" srcset=\"https:\/\/hablemosclarotdf.com.ar\/wp-content\/uploads\/2026\/04\/photo_2026-04-28_11-20-54-300x200.jpg 300w, https:\/\/hablemosclarotdf.com.ar\/wp-content\/uploads\/2026\/04\/photo_2026-04-28_11-20-54-1024x682.jpg 1024w, https:\/\/hablemosclarotdf.com.ar\/wp-content\/uploads\/2026\/04\/photo_2026-04-28_11-20-54-768x511.jpg 768w, https:\/\/hablemosclarotdf.com.ar\/wp-content\/uploads\/2026\/04\/photo_2026-04-28_11-20-54.jpg 1280w\" sizes=\"auto, (max-width: 300px) 100vw, 300px\" \/> <img loading=\"lazy\" decoding=\"async\" class=\"alignnone size-medium wp-image-73474\" src=\"https:\/\/hablemosclarotdf.com.ar\/wp-content\/uploads\/2026\/04\/photo_2026-04-28_11-20-59-300x200.jpg\" alt=\"\" width=\"300\" height=\"200\" srcset=\"https:\/\/hablemosclarotdf.com.ar\/wp-content\/uploads\/2026\/04\/photo_2026-04-28_11-20-59-300x200.jpg 300w, https:\/\/hablemosclarotdf.com.ar\/wp-content\/uploads\/2026\/04\/photo_2026-04-28_11-20-59-1024x682.jpg 1024w, https:\/\/hablemosclarotdf.com.ar\/wp-content\/uploads\/2026\/04\/photo_2026-04-28_11-20-59-768x511.jpg 768w, https:\/\/hablemosclarotdf.com.ar\/wp-content\/uploads\/2026\/04\/photo_2026-04-28_11-20-59.jpg 1280w\" sizes=\"auto, (max-width: 300px) 100vw, 300px\" \/><\/p>\n","protected":false},"excerpt":{"rendered":"<p>En una jornada llevada adelante en el Museo del Fin del Mundo, la Secretar\u00eda de&#8230;<\/p>\n","protected":false},"author":1,"featured_media":73468,"comment_status":"closed","ping_status":"closed","sticky":false,"template":"","format":"standard","meta":{"footnotes":""},"categories":[3],"tags":[],"class_list":["post-73467","post","type-post","status-publish","format-standard","has-post-thumbnail","hentry","category-noticias"],"jetpack_featured_media_url":"https:\/\/hablemosclarotdf.com.ar\/wp-content\/uploads\/2026\/04\/photo_2026-04-28_11-20-31.jpg","_links":{"self":[{"href":"https:\/\/hablemosclarotdf.com.ar\/index.php?rest_route=\/wp\/v2\/posts\/73467","targetHints":{"allow":["GET"]}}],"collection":[{"href":"https:\/\/hablemosclarotdf.com.ar\/index.php?rest_route=\/wp\/v2\/posts"}],"about":[{"href":"https:\/\/hablemosclarotdf.com.ar\/index.php?rest_route=\/wp\/v2\/types\/post"}],"author":[{"embeddable":true,"href":"https:\/\/hablemosclarotdf.com.ar\/index.php?rest_route=\/wp\/v2\/users\/1"}],"replies":[{"embeddable":true,"href":"https:\/\/hablemosclarotdf.com.ar\/index.php?rest_route=%2Fwp%2Fv2%2Fcomments&post=73467"}],"version-history":[{"count":1,"href":"https:\/\/hablemosclarotdf.com.ar\/index.php?rest_route=\/wp\/v2\/posts\/73467\/revisions"}],"predecessor-version":[{"id":73475,"href":"https:\/\/hablemosclarotdf.com.ar\/index.php?rest_route=\/wp\/v2\/posts\/73467\/revisions\/73475"}],"wp:featuredmedia":[{"embeddable":true,"href":"https:\/\/hablemosclarotdf.com.ar\/index.php?rest_route=\/wp\/v2\/media\/73468"}],"wp:attachment":[{"href":"https:\/\/hablemosclarotdf.com.ar\/index.php?rest_route=%2Fwp%2Fv2%2Fmedia&parent=73467"}],"wp:term":[{"taxonomy":"category","embeddable":true,"href":"https:\/\/hablemosclarotdf.com.ar\/index.php?rest_route=%2Fwp%2Fv2%2Fcategories&post=73467"},{"taxonomy":"post_tag","embeddable":true,"href":"https:\/\/hablemosclarotdf.com.ar\/index.php?rest_route=%2Fwp%2Fv2%2Ftags&post=73467"}],"curies":[{"name":"wp","href":"https:\/\/api.w.org\/{rel}","templated":true}]}}