{"id":73461,"date":"2026-04-28T11:19:25","date_gmt":"2026-04-28T14:19:25","guid":{"rendered":"https:\/\/hablemosclarotdf.com.ar\/?p=73461"},"modified":"2026-04-28T11:19:25","modified_gmt":"2026-04-28T14:19:25","slug":"rio-grande-olimpiadas-estudiantiles-2026-las-juventudes-vuelven-a-ser-protagonistas","status":"publish","type":"post","link":"https:\/\/hablemosclarotdf.com.ar\/?p=73461","title":{"rendered":"RIO GRANDE : OLIMPIADAS ESTUDIANTILES 2026: LAS JUVENTUDES VUELVEN A SER PROTAGONISTAS"},"content":{"rendered":"<p>El Municipio de R\u00edo Grande, a trav\u00e9s de la Secretar\u00eda de Gesti\u00f3n Ciudadana, dio inicio a las Olimpiadas Estudiantiles 2026 con una jornada de encuentro entre delegados y delegadas de los colegios secundarios de la ciudad. La actividad se llev\u00f3 a cabo en el Espacio Joven AGP y cont\u00f3 con la participaci\u00f3n de representantes de 20 instituciones educativas.<\/p>\n<p>El lanzamiento cont\u00f3 con la presencia del intendente Mart\u00edn Perez, el secretario de Gesti\u00f3n Ciudadana Gonzalo Ferro y la subsecretaria de Participaci\u00f3n Ciudadana D\u00e9bora Galichini.<\/p>\n<p>Durante la reuni\u00f3n, las y los estudiantes conocieron el cronograma oficial, los reglamentos y las distintas propuestas que formar\u00e1n parte de esta nueva edici\u00f3n, que a\u00f1o tras a\u00f1o se consolida como una pol\u00edtica p\u00fablica clave para fortalecer el v\u00ednculo entre j\u00f3venes, promoviendo valores como el compa\u00f1erismo, la empat\u00eda y la solidaridad.<\/p>\n<p>Desde el Municipio se impulsa esta iniciativa con el objetivo de que las y los estudiantes que transitan su \u00faltimo a\u00f1o de secundaria vivan una experiencia significativa, a trav\u00e9s de actividades deportivas, culturales, recreativas y formativas pensadas para potenciar su desarrollo integral. Asimismo, las Olimpiadas constituyen un espacio de participaci\u00f3n donde las juventudes pueden encontrarse, dialogar y continuar form\u00e1ndose con sus pares. En esta edici\u00f3n, adem\u00e1s, se suma la participaci\u00f3n de familias y directivos, fortaleciendo el acompa\u00f1amiento y el v\u00ednculo entre la escuela y el entorno familiar.<\/p>\n<p>Al respecto, el secretario de Gesti\u00f3n Ciudadana, Gonzalo Ferro, destac\u00f3: \u201cpara nosotros es muy importante acompa\u00f1ar a las y los j\u00f3venes en esta etapa tan significativa de sus vidas. Las Olimpiadas son un espacio de encuentro y de construcci\u00f3n colectiva, donde cada estudiante es protagonista\u201d.<\/p>\n<p>Asimismo, destac\u00f3: &#8220;queremos que las Olimpiadas trasciendan lo escolar y se conviertan en una experiencia compartida tambi\u00e9n con las familias\u201d.<\/p>\n<p>\u201cDesde el Municipio buscamos estar presentes en cada etapa de las juventudes, generando espacios que fortalezcan sus v\u00ednculos\u201d, concluy\u00f3.<\/p>\n<p>Las Olimpiadas se desarrollar\u00e1n de mayo a julio y culminar\u00e1n en el aniversario de R\u00edo Grande con una gran celebraci\u00f3n que reunir\u00e1 a estudiantes, familias y las instituciones educativas.<\/p>\n<p>La edici\u00f3n 2026 -adem\u00e1s de competencias como mejor hinchada, bandera e influencers- contar\u00e1 con instancias deportivas, culturales, supermatch, esports y dos jornadas educativas.<\/p>\n<p><img loading=\"lazy\" decoding=\"async\" class=\"alignnone size-medium wp-image-73463\" src=\"https:\/\/hablemosclarotdf.com.ar\/wp-content\/uploads\/2026\/04\/photo_2026-04-28_11-17-33-300x200.jpg\" alt=\"\" width=\"300\" height=\"200\" srcset=\"https:\/\/hablemosclarotdf.com.ar\/wp-content\/uploads\/2026\/04\/photo_2026-04-28_11-17-33-300x200.jpg 300w, https:\/\/hablemosclarotdf.com.ar\/wp-content\/uploads\/2026\/04\/photo_2026-04-28_11-17-33-1024x682.jpg 1024w, https:\/\/hablemosclarotdf.com.ar\/wp-content\/uploads\/2026\/04\/photo_2026-04-28_11-17-33-768x512.jpg 768w, https:\/\/hablemosclarotdf.com.ar\/wp-content\/uploads\/2026\/04\/photo_2026-04-28_11-17-33.jpg 1280w\" sizes=\"auto, (max-width: 300px) 100vw, 300px\" \/> <img loading=\"lazy\" decoding=\"async\" class=\"alignnone size-medium wp-image-73464\" src=\"https:\/\/hablemosclarotdf.com.ar\/wp-content\/uploads\/2026\/04\/photo_2026-04-28_11-17-38-300x200.jpg\" alt=\"\" width=\"300\" height=\"200\" srcset=\"https:\/\/hablemosclarotdf.com.ar\/wp-content\/uploads\/2026\/04\/photo_2026-04-28_11-17-38-300x200.jpg 300w, https:\/\/hablemosclarotdf.com.ar\/wp-content\/uploads\/2026\/04\/photo_2026-04-28_11-17-38-1024x682.jpg 1024w, https:\/\/hablemosclarotdf.com.ar\/wp-content\/uploads\/2026\/04\/photo_2026-04-28_11-17-38-768x512.jpg 768w, https:\/\/hablemosclarotdf.com.ar\/wp-content\/uploads\/2026\/04\/photo_2026-04-28_11-17-38.jpg 1280w\" sizes=\"auto, (max-width: 300px) 100vw, 300px\" \/> <img loading=\"lazy\" decoding=\"async\" class=\"alignnone size-medium wp-image-73465\" src=\"https:\/\/hablemosclarotdf.com.ar\/wp-content\/uploads\/2026\/04\/photo_2026-04-28_11-17-43-300x200.jpg\" alt=\"\" width=\"300\" height=\"200\" srcset=\"https:\/\/hablemosclarotdf.com.ar\/wp-content\/uploads\/2026\/04\/photo_2026-04-28_11-17-43-300x200.jpg 300w, https:\/\/hablemosclarotdf.com.ar\/wp-content\/uploads\/2026\/04\/photo_2026-04-28_11-17-43-1024x682.jpg 1024w, https:\/\/hablemosclarotdf.com.ar\/wp-content\/uploads\/2026\/04\/photo_2026-04-28_11-17-43-768x512.jpg 768w, https:\/\/hablemosclarotdf.com.ar\/wp-content\/uploads\/2026\/04\/photo_2026-04-28_11-17-43.jpg 1280w\" sizes=\"auto, (max-width: 300px) 100vw, 300px\" \/><\/p>\n","protected":false},"excerpt":{"rendered":"<p>El Municipio de R\u00edo Grande, a trav\u00e9s de la Secretar\u00eda de Gesti\u00f3n Ciudadana, dio inicio&#8230;<\/p>\n","protected":false},"author":1,"featured_media":73462,"comment_status":"closed","ping_status":"closed","sticky":false,"template":"","format":"standard","meta":{"footnotes":""},"categories":[3],"tags":[],"class_list":["post-73461","post","type-post","status-publish","format-standard","has-post-thumbnail","hentry","category-noticias"],"jetpack_featured_media_url":"https:\/\/hablemosclarotdf.com.ar\/wp-content\/uploads\/2026\/04\/photo_2026-04-28_11-17-28.jpg","_links":{"self":[{"href":"https:\/\/hablemosclarotdf.com.ar\/index.php?rest_route=\/wp\/v2\/posts\/73461","targetHints":{"allow":["GET"]}}],"collection":[{"href":"https:\/\/hablemosclarotdf.com.ar\/index.php?rest_route=\/wp\/v2\/posts"}],"about":[{"href":"https:\/\/hablemosclarotdf.com.ar\/index.php?rest_route=\/wp\/v2\/types\/post"}],"author":[{"embeddable":true,"href":"https:\/\/hablemosclarotdf.com.ar\/index.php?rest_route=\/wp\/v2\/users\/1"}],"replies":[{"embeddable":true,"href":"https:\/\/hablemosclarotdf.com.ar\/index.php?rest_route=%2Fwp%2Fv2%2Fcomments&post=73461"}],"version-history":[{"count":1,"href":"https:\/\/hablemosclarotdf.com.ar\/index.php?rest_route=\/wp\/v2\/posts\/73461\/revisions"}],"predecessor-version":[{"id":73466,"href":"https:\/\/hablemosclarotdf.com.ar\/index.php?rest_route=\/wp\/v2\/posts\/73461\/revisions\/73466"}],"wp:featuredmedia":[{"embeddable":true,"href":"https:\/\/hablemosclarotdf.com.ar\/index.php?rest_route=\/wp\/v2\/media\/73462"}],"wp:attachment":[{"href":"https:\/\/hablemosclarotdf.com.ar\/index.php?rest_route=%2Fwp%2Fv2%2Fmedia&parent=73461"}],"wp:term":[{"taxonomy":"category","embeddable":true,"href":"https:\/\/hablemosclarotdf.com.ar\/index.php?rest_route=%2Fwp%2Fv2%2Fcategories&post=73461"},{"taxonomy":"post_tag","embeddable":true,"href":"https:\/\/hablemosclarotdf.com.ar\/index.php?rest_route=%2Fwp%2Fv2%2Ftags&post=73461"}],"curies":[{"name":"wp","href":"https:\/\/api.w.org\/{rel}","templated":true}]}}