{"id":73403,"date":"2026-04-27T19:21:53","date_gmt":"2026-04-27T22:21:53","guid":{"rendered":"https:\/\/hablemosclarotdf.com.ar\/?p=73403"},"modified":"2026-04-27T19:21:53","modified_gmt":"2026-04-27T22:21:53","slug":"rio-grande-municipio-y-concejo-deliberante-firman-acuerdo-por-la-agenda-de-cuidados","status":"publish","type":"post","link":"https:\/\/hablemosclarotdf.com.ar\/?p=73403","title":{"rendered":"RIO GRANDE : MUNICIPIO Y CONCEJO DELIBERANTE FIRMAN ACUERDO POR LA AGENDA DE CUIDADOS"},"content":{"rendered":"<p>El Municipio de R\u00edo Grande y el Concejo Deliberante firmaron un Compromiso Institucional para el Fortalecimiento de la Agenda de Cuidados, consolidando un trabajo articulado entre el Poder Ejecutivo y el Poder Legislativo local. La r\u00fabrica estuvo encabezada por la secretaria de G\u00e9nero y Desarrollo Comunitario, Ivana Ybars y la presidenta del Concejo Deliberante, Guadalupe Zamora.<\/p>\n<p>Este acuerdo representa un paso clave en la consolidaci\u00f3n de pol\u00edticas p\u00fablicas con perspectiva de g\u00e9nero y derechos, reafirmando la voluntad pol\u00edtica de ambos poderes de trabajar de manera coordinada para profundizar una agenda que promueva la equidad y el reconocimiento de las tareas de cuidado en la ciudad.<\/p>\n<p>En este marco, se establecieron una serie de compromisos orientados a fortalecer el sistema local de cuidados. Entre ellos, se destaca la promoci\u00f3n de instancias legislativas que reconozcan, reduzcan, redistribuyan, recompensen y representen a quienes cuidan en R\u00edo Grande, en l\u00ednea con el enfoque de las 5R, promovido por ONU Mujeres, que propone cinco pilares: Reconocer, Reducir, Redistribuir, Remunerar y Representar, con el objetivo de revalorizar el trabajo de cuidados, avanzar hacia la igualdad de g\u00e9nero y garantizar derechos.<\/p>\n<p>Asimismo, se impulsar\u00e1 la agilizaci\u00f3n del tratamiento de proyectos y ordenanzas vinculados al paradigma de cuidados igualitarios, con el objetivo de conformar un Digesto de Cuidados que sistematice y consolide la normativa vigente en la materia.<\/p>\n<p>En paralelo, se prev\u00e9 el desarrollo de campa\u00f1as de sensibilizaci\u00f3n que fomenten la corresponsabilidad de los varones en las tareas de cuidado, contribuyendo a una transformaci\u00f3n cultural que promueva relaciones m\u00e1s igualitarias.<\/p>\n<p>Finalmente, el compromiso contempla trabajar para posicionar a R\u00edo Grande como un referente internacional en materia de pol\u00edticas de cuidado, promoviendo la replicabilidad de la Matriz de las 5R como un modelo de innovaci\u00f3n municipal exportable a otras ciudades de la regi\u00f3n.<\/p>\n<p>De esta manera, el Municipio y el Concejo Deliberante contin\u00faan fortaleciendo una agenda estrat\u00e9gica que pone en el centro a las personas, reconociendo el cuidado como un pilar fundamental para el desarrollo social y comunitario.<\/p>\n<p><img loading=\"lazy\" decoding=\"async\" class=\"alignnone size-medium wp-image-73405\" src=\"https:\/\/hablemosclarotdf.com.ar\/wp-content\/uploads\/2026\/04\/photo_2026-04-27_19-20-49-300x225.jpg\" alt=\"\" width=\"300\" height=\"225\" srcset=\"https:\/\/hablemosclarotdf.com.ar\/wp-content\/uploads\/2026\/04\/photo_2026-04-27_19-20-49-300x225.jpg 300w, https:\/\/hablemosclarotdf.com.ar\/wp-content\/uploads\/2026\/04\/photo_2026-04-27_19-20-49.jpg 736w\" sizes=\"auto, (max-width: 300px) 100vw, 300px\" \/><\/p>\n","protected":false},"excerpt":{"rendered":"<p>El Municipio de R\u00edo Grande y el Concejo Deliberante firmaron un Compromiso Institucional para el&#8230;<\/p>\n","protected":false},"author":1,"featured_media":73404,"comment_status":"closed","ping_status":"closed","sticky":false,"template":"","format":"standard","meta":{"footnotes":""},"categories":[3],"tags":[],"class_list":["post-73403","post","type-post","status-publish","format-standard","has-post-thumbnail","hentry","category-noticias"],"jetpack_featured_media_url":"https:\/\/hablemosclarotdf.com.ar\/wp-content\/uploads\/2026\/04\/photo_2026-04-27_19-20-44.jpg","_links":{"self":[{"href":"https:\/\/hablemosclarotdf.com.ar\/index.php?rest_route=\/wp\/v2\/posts\/73403","targetHints":{"allow":["GET"]}}],"collection":[{"href":"https:\/\/hablemosclarotdf.com.ar\/index.php?rest_route=\/wp\/v2\/posts"}],"about":[{"href":"https:\/\/hablemosclarotdf.com.ar\/index.php?rest_route=\/wp\/v2\/types\/post"}],"author":[{"embeddable":true,"href":"https:\/\/hablemosclarotdf.com.ar\/index.php?rest_route=\/wp\/v2\/users\/1"}],"replies":[{"embeddable":true,"href":"https:\/\/hablemosclarotdf.com.ar\/index.php?rest_route=%2Fwp%2Fv2%2Fcomments&post=73403"}],"version-history":[{"count":1,"href":"https:\/\/hablemosclarotdf.com.ar\/index.php?rest_route=\/wp\/v2\/posts\/73403\/revisions"}],"predecessor-version":[{"id":73406,"href":"https:\/\/hablemosclarotdf.com.ar\/index.php?rest_route=\/wp\/v2\/posts\/73403\/revisions\/73406"}],"wp:featuredmedia":[{"embeddable":true,"href":"https:\/\/hablemosclarotdf.com.ar\/index.php?rest_route=\/wp\/v2\/media\/73404"}],"wp:attachment":[{"href":"https:\/\/hablemosclarotdf.com.ar\/index.php?rest_route=%2Fwp%2Fv2%2Fmedia&parent=73403"}],"wp:term":[{"taxonomy":"category","embeddable":true,"href":"https:\/\/hablemosclarotdf.com.ar\/index.php?rest_route=%2Fwp%2Fv2%2Fcategories&post=73403"},{"taxonomy":"post_tag","embeddable":true,"href":"https:\/\/hablemosclarotdf.com.ar\/index.php?rest_route=%2Fwp%2Fv2%2Ftags&post=73403"}],"curies":[{"name":"wp","href":"https:\/\/api.w.org\/{rel}","templated":true}]}}