{"id":73394,"date":"2026-04-27T16:21:17","date_gmt":"2026-04-27T19:21:17","guid":{"rendered":"https:\/\/hablemosclarotdf.com.ar\/?p=73394"},"modified":"2026-04-27T16:21:17","modified_gmt":"2026-04-27T19:21:17","slug":"ushuaia-se-llevo-adelante-la-ceremonia-de-cierre-y-premiacion-de-la-5-edicion-del-festival-de-cine-del-fin-del-mundo","status":"publish","type":"post","link":"https:\/\/hablemosclarotdf.com.ar\/?p=73394","title":{"rendered":"USHUAIA : SE LLEV\u00d3 ADELANTE LA CEREMONIA DE CIERRE Y PREMIACI\u00d3N DE LA 5\u00b0 EDICI\u00d3N DEL \u201cFESTIVAL DE CINE DEL FIN DEL MUNDO\u201d"},"content":{"rendered":"<p>Se exhibieron casi 30 producciones audiovisuales en la Casa de la Cultura Enriqueta Gastelumendi<\/p>\n<p>La Secretar\u00eda de Pol\u00edticas Ambientales, Culturales y Educativas de la Municipalidad de Ushuaia, junto a la organizaci\u00f3n del Festival, impuls\u00f3 en el Foyer \u201cEgo Pereda\u201d de la Casa de la Cultura Enriqueta Gastelumendi la ceremonia de cierre y premiaci\u00f3n de la 5\u00b0 Edici\u00f3n del \u201cFestival de Cine del Fin del Mundo\u201d.<br \/>\nCon casi 30 producciones audiovisuales entre cortometrajes y largometrajes, se entregaron los galardones por ACCA para \u201cLa noche sin mi\u201d de Mar\u00eda Laura Berch y Laura Chiabrando y \u201cSemana Santa del 95\u201d de Juan Pablo Lattanzi. El premio de Argentores fue para Federico Polleri por el guion de \u201cApenas habr\u00e1 sombras\u201d, mientras que la presea del Premio Accesibilidad otorgado por la Fundaci\u00f3n Aldea de las Luces fue a \u201c\u00bfD\u00f3nde duerme el tiempo?\u201d de Diego Am\u00e9, Lucas Concia y Diego Moyano. En lo que refiere al premio del Jurado Joven hubo menciones a \u201cMemorias com vista pro mar\u201d de Marton Olympio de Brasil, \u201cCicatriz\u201d de Diego Aparicio y el mejor corto fue \u201cComo si la tierra se las hubiera tragado\u201d de Natalia Le\u00f3n por Francia\/M\u00e9xico. El premio del p\u00fablico fue ganado por \u201cAdi\u00f3s Madrid\u201d de Diego Corsini.<br \/>\nReferido al Jurado Oficial de Cortos hubo menciones al sonido para Vladislav Boyadjiev de Estonia\/Bulgaria por \u201cFlow of Being\u201d, a la fotograf\u00eda para Omar Lucas por \u201cCuando el cielo vuelva a ser azul\u201d de Per\u00fa y a la actuaci\u00f3n de Mat\u00edas La Chiesa por \u201cComo dos extra\u00f1os\u201d de Dami\u00e1n Mart\u00ednez. El premio a la mejor actuaci\u00f3n fue para Maitina De Marco por \u201cTodos los nombres empiezan por M\u201d, el de mejor guion para Marton Olympio por \u201cMemorias com vista pro mar\u201d de Brasil, el de mejor direcci\u00f3n para Mar\u00eda Cecilia Casavona y Raquel Soaje por \u201cShulka\u201d y el premio a mejor corto para \u201cComo si la tierra se las hubiera tragado\u201d de Natalia Le\u00f3n por Francia\/M\u00e9xico. Los galardones vinculados al Jurado Oficial de Largometrajes dieron una menci\u00f3n a la fotograf\u00eda de Ezequiel Salinas y Ramiro Sonzini por \u201cLa noche est\u00e1 march\u00e1ndose ya\u201d, el premio a la mejor actuaci\u00f3n fue para Natalia Oreiro por \u201cLa noche sin mi\u201d, el de mejor guion para Federico Polleri por \u201cApenas habr\u00e1 sombras\u201d, la mejor direcci\u00f3n para Juan Pablo Lattanzi por \u201cSemana Santa del 95\u201d y el premio a mejor largometraje fue para \u201c3000 km en bicicleta\u201d de Ivan Vescovo.<br \/>\nDavid Ferreyra, secretario de Pol\u00edticas Ambientales, Culturales y Educativas, destac\u00f3 que \u201cestamos muy contentos con acompa\u00f1ar nuevamente una edici\u00f3n de este Festival, que sigue visibilizando el talento presente en la industria audiovisual argentina, posicionando a nuestra ciudad tambi\u00e9n como un destino cultural y art\u00edstico\u201d.\u00a0Por su parte la directora del Festival.<br \/>\nRoxana Ukmar agradeci\u00f3 \u201cel acompa\u00f1amiento de la Municipalidad de Ushuaia, que puso a disposici\u00f3n la Casa de la Cultura Enriqueta Gastelumendi para que una gran convocatoria de vecinos y vecinas nos visite y disfrute del cine durante este fin de semana\u201d.<\/p>\n<p><img loading=\"lazy\" decoding=\"async\" class=\"alignnone size-medium wp-image-73396\" src=\"https:\/\/hablemosclarotdf.com.ar\/wp-content\/uploads\/2026\/04\/photo_2026-04-27_16-20-13-300x200.jpg\" alt=\"\" width=\"300\" height=\"200\" srcset=\"https:\/\/hablemosclarotdf.com.ar\/wp-content\/uploads\/2026\/04\/photo_2026-04-27_16-20-13-300x200.jpg 300w, https:\/\/hablemosclarotdf.com.ar\/wp-content\/uploads\/2026\/04\/photo_2026-04-27_16-20-13-1024x682.jpg 1024w, https:\/\/hablemosclarotdf.com.ar\/wp-content\/uploads\/2026\/04\/photo_2026-04-27_16-20-13-768x511.jpg 768w, https:\/\/hablemosclarotdf.com.ar\/wp-content\/uploads\/2026\/04\/photo_2026-04-27_16-20-13.jpg 1280w\" sizes=\"auto, (max-width: 300px) 100vw, 300px\" \/> <img loading=\"lazy\" decoding=\"async\" class=\"alignnone size-medium wp-image-73397\" src=\"https:\/\/hablemosclarotdf.com.ar\/wp-content\/uploads\/2026\/04\/photo_2026-04-27_16-20-18-300x200.jpg\" alt=\"\" width=\"300\" height=\"200\" srcset=\"https:\/\/hablemosclarotdf.com.ar\/wp-content\/uploads\/2026\/04\/photo_2026-04-27_16-20-18-300x200.jpg 300w, https:\/\/hablemosclarotdf.com.ar\/wp-content\/uploads\/2026\/04\/photo_2026-04-27_16-20-18-1024x682.jpg 1024w, https:\/\/hablemosclarotdf.com.ar\/wp-content\/uploads\/2026\/04\/photo_2026-04-27_16-20-18-768x511.jpg 768w, https:\/\/hablemosclarotdf.com.ar\/wp-content\/uploads\/2026\/04\/photo_2026-04-27_16-20-18.jpg 1280w\" sizes=\"auto, (max-width: 300px) 100vw, 300px\" \/> <img loading=\"lazy\" decoding=\"async\" class=\"alignnone size-medium wp-image-73398\" src=\"https:\/\/hablemosclarotdf.com.ar\/wp-content\/uploads\/2026\/04\/photo_2026-04-27_16-20-22-300x200.jpg\" alt=\"\" width=\"300\" height=\"200\" srcset=\"https:\/\/hablemosclarotdf.com.ar\/wp-content\/uploads\/2026\/04\/photo_2026-04-27_16-20-22-300x200.jpg 300w, https:\/\/hablemosclarotdf.com.ar\/wp-content\/uploads\/2026\/04\/photo_2026-04-27_16-20-22-1024x682.jpg 1024w, https:\/\/hablemosclarotdf.com.ar\/wp-content\/uploads\/2026\/04\/photo_2026-04-27_16-20-22-768x511.jpg 768w, https:\/\/hablemosclarotdf.com.ar\/wp-content\/uploads\/2026\/04\/photo_2026-04-27_16-20-22.jpg 1280w\" sizes=\"auto, (max-width: 300px) 100vw, 300px\" \/><\/p>\n","protected":false},"excerpt":{"rendered":"<p>Se exhibieron casi 30 producciones audiovisuales en la Casa de la Cultura Enriqueta Gastelumendi La&#8230;<\/p>\n","protected":false},"author":1,"featured_media":73395,"comment_status":"closed","ping_status":"closed","sticky":false,"template":"","format":"standard","meta":{"footnotes":""},"categories":[3],"tags":[],"class_list":["post-73394","post","type-post","status-publish","format-standard","has-post-thumbnail","hentry","category-noticias"],"jetpack_featured_media_url":"https:\/\/hablemosclarotdf.com.ar\/wp-content\/uploads\/2026\/04\/photo_2026-04-27_16-20-08.jpg","_links":{"self":[{"href":"https:\/\/hablemosclarotdf.com.ar\/index.php?rest_route=\/wp\/v2\/posts\/73394","targetHints":{"allow":["GET"]}}],"collection":[{"href":"https:\/\/hablemosclarotdf.com.ar\/index.php?rest_route=\/wp\/v2\/posts"}],"about":[{"href":"https:\/\/hablemosclarotdf.com.ar\/index.php?rest_route=\/wp\/v2\/types\/post"}],"author":[{"embeddable":true,"href":"https:\/\/hablemosclarotdf.com.ar\/index.php?rest_route=\/wp\/v2\/users\/1"}],"replies":[{"embeddable":true,"href":"https:\/\/hablemosclarotdf.com.ar\/index.php?rest_route=%2Fwp%2Fv2%2Fcomments&post=73394"}],"version-history":[{"count":1,"href":"https:\/\/hablemosclarotdf.com.ar\/index.php?rest_route=\/wp\/v2\/posts\/73394\/revisions"}],"predecessor-version":[{"id":73399,"href":"https:\/\/hablemosclarotdf.com.ar\/index.php?rest_route=\/wp\/v2\/posts\/73394\/revisions\/73399"}],"wp:featuredmedia":[{"embeddable":true,"href":"https:\/\/hablemosclarotdf.com.ar\/index.php?rest_route=\/wp\/v2\/media\/73395"}],"wp:attachment":[{"href":"https:\/\/hablemosclarotdf.com.ar\/index.php?rest_route=%2Fwp%2Fv2%2Fmedia&parent=73394"}],"wp:term":[{"taxonomy":"category","embeddable":true,"href":"https:\/\/hablemosclarotdf.com.ar\/index.php?rest_route=%2Fwp%2Fv2%2Fcategories&post=73394"},{"taxonomy":"post_tag","embeddable":true,"href":"https:\/\/hablemosclarotdf.com.ar\/index.php?rest_route=%2Fwp%2Fv2%2Ftags&post=73394"}],"curies":[{"name":"wp","href":"https:\/\/api.w.org\/{rel}","templated":true}]}}