{"id":73390,"date":"2026-04-27T15:59:50","date_gmt":"2026-04-27T18:59:50","guid":{"rendered":"https:\/\/hablemosclarotdf.com.ar\/?p=73390"},"modified":"2026-04-27T15:59:50","modified_gmt":"2026-04-27T18:59:50","slug":"rossi-es-fundamental-tejer-alianzas-con-organizaciones-que-tienen-un-fuerte-compromiso-social","status":"publish","type":"post","link":"https:\/\/hablemosclarotdf.com.ar\/?p=73390","title":{"rendered":"ROSSI: &#8220;ES FUNDAMENTAL TEJER ALIANZAS CON ORGANIZACIONES QUE TIENEN UN FUERTE COMPROMISO SOCIAL&#8221;"},"content":{"rendered":"<p>La ministra de Bienestar Ciudadano y Justicia del Gobierno de Tierra del Fuego AeIAS, Luc\u00eda Rossi, mantuvo un encuentro con representantes de la Fundaci\u00f3n de Estudios Patag\u00f3nicos y del Banco Patag\u00f3nico de Alimentos, con el objetivo de avanzar en l\u00edneas de trabajo conjunto orientadas a fortalecer pol\u00edticas sociales en la provincia.<\/p>\n<p>Durante la reuni\u00f3n se abordaron distintas iniciativas vinculadas a la seguridad alimentaria, la empleabilidad y el acompa\u00f1amiento a sectores vulnerables, as\u00ed como la posibilidad de ampliar programas que ya se desarrollan en R\u00edo Grande, Tolhuin y Ushuaia. En ese marco, se destac\u00f3 el impacto del programa \u201cNutriendo Futuros\u201d, una propuesta que promueve el recupero de alimentos aptos para el consumo y su redistribuci\u00f3n, generando adem\u00e1s oportunidades de capacitaci\u00f3n y desarrollo para mujeres sost\u00e9n de hogar.<\/p>\n<p>Al respecto, la ministra Rossi se\u00f1al\u00f3: \u201cDesde el Gobierno provincial sostenemos una mirada territorial y de uso responsable de los recursos, priorizando pol\u00edticas que den respuesta a las necesidades concretas de nuestros vecinos y vecinas. En este contexto, creemos fundamental tejer alianzas con organizaciones que tienen un fuerte compromiso social, porque permiten ampliar capacidades y generar un impacto real en la comunidad\u201d.<\/p>\n<p>Por su parte, el presidente de la Fundaci\u00f3n de Estudios Patag\u00f3nicos y del Banco Patag\u00f3nico de Alimentos, Pablo Nogu\u00e9s, expres\u00f3: \u201cAvanzamos en una agenda de trabajo conjunta con el Gobierno de Tierra del Fuego para abordar problem\u00e1ticas que atraviesan a nuestras comunidades. Adem\u00e1s de fortalecer programas que ya se implementan en la provincia, acordamos proyectar nuevas acciones vinculadas a pol\u00edticas de g\u00e9nero, ni\u00f1ez y personas mayores, incorporando herramientas de capacitaci\u00f3n, empleabilidad y acompa\u00f1amiento a emprendedores\u201d.<\/p>\n<p>Finalmente, ambas partes coincidieron en la importancia de consolidar una agenda articulada entre el Estado y organizaciones de la sociedad civil, que permita optimizar recursos, ampliar el alcance de las pol\u00edticas p\u00fablicas y dar respuestas integrales a las demandas sociales actuales.<\/p>\n<p><img loading=\"lazy\" decoding=\"async\" class=\"alignnone size-medium wp-image-73392\" src=\"https:\/\/hablemosclarotdf.com.ar\/wp-content\/uploads\/2026\/04\/photo_2026-04-27_15-58-54-300x195.jpg\" alt=\"\" width=\"300\" height=\"195\" srcset=\"https:\/\/hablemosclarotdf.com.ar\/wp-content\/uploads\/2026\/04\/photo_2026-04-27_15-58-54-300x195.jpg 300w, https:\/\/hablemosclarotdf.com.ar\/wp-content\/uploads\/2026\/04\/photo_2026-04-27_15-58-54-1024x666.jpg 1024w, https:\/\/hablemosclarotdf.com.ar\/wp-content\/uploads\/2026\/04\/photo_2026-04-27_15-58-54-768x499.jpg 768w, https:\/\/hablemosclarotdf.com.ar\/wp-content\/uploads\/2026\/04\/photo_2026-04-27_15-58-54.jpg 1280w\" sizes=\"auto, (max-width: 300px) 100vw, 300px\" \/><\/p>\n","protected":false},"excerpt":{"rendered":"<p>La ministra de Bienestar Ciudadano y Justicia del Gobierno de Tierra del Fuego AeIAS, Luc\u00eda&#8230;<\/p>\n","protected":false},"author":1,"featured_media":73391,"comment_status":"closed","ping_status":"closed","sticky":false,"template":"","format":"standard","meta":{"footnotes":""},"categories":[3],"tags":[],"class_list":["post-73390","post","type-post","status-publish","format-standard","has-post-thumbnail","hentry","category-noticias"],"jetpack_featured_media_url":"https:\/\/hablemosclarotdf.com.ar\/wp-content\/uploads\/2026\/04\/photo_2026-04-27_15-58-41.jpg","_links":{"self":[{"href":"https:\/\/hablemosclarotdf.com.ar\/index.php?rest_route=\/wp\/v2\/posts\/73390","targetHints":{"allow":["GET"]}}],"collection":[{"href":"https:\/\/hablemosclarotdf.com.ar\/index.php?rest_route=\/wp\/v2\/posts"}],"about":[{"href":"https:\/\/hablemosclarotdf.com.ar\/index.php?rest_route=\/wp\/v2\/types\/post"}],"author":[{"embeddable":true,"href":"https:\/\/hablemosclarotdf.com.ar\/index.php?rest_route=\/wp\/v2\/users\/1"}],"replies":[{"embeddable":true,"href":"https:\/\/hablemosclarotdf.com.ar\/index.php?rest_route=%2Fwp%2Fv2%2Fcomments&post=73390"}],"version-history":[{"count":1,"href":"https:\/\/hablemosclarotdf.com.ar\/index.php?rest_route=\/wp\/v2\/posts\/73390\/revisions"}],"predecessor-version":[{"id":73393,"href":"https:\/\/hablemosclarotdf.com.ar\/index.php?rest_route=\/wp\/v2\/posts\/73390\/revisions\/73393"}],"wp:featuredmedia":[{"embeddable":true,"href":"https:\/\/hablemosclarotdf.com.ar\/index.php?rest_route=\/wp\/v2\/media\/73391"}],"wp:attachment":[{"href":"https:\/\/hablemosclarotdf.com.ar\/index.php?rest_route=%2Fwp%2Fv2%2Fmedia&parent=73390"}],"wp:term":[{"taxonomy":"category","embeddable":true,"href":"https:\/\/hablemosclarotdf.com.ar\/index.php?rest_route=%2Fwp%2Fv2%2Fcategories&post=73390"},{"taxonomy":"post_tag","embeddable":true,"href":"https:\/\/hablemosclarotdf.com.ar\/index.php?rest_route=%2Fwp%2Fv2%2Ftags&post=73390"}],"curies":[{"name":"wp","href":"https:\/\/api.w.org\/{rel}","templated":true}]}}