{"id":73378,"date":"2026-04-27T15:53:37","date_gmt":"2026-04-27T18:53:37","guid":{"rendered":"https:\/\/hablemosclarotdf.com.ar\/?p=73378"},"modified":"2026-04-27T15:53:37","modified_gmt":"2026-04-27T18:53:37","slug":"rio-grande-manana-comienza-la-entrega-de-modulos-alimentarios-3","status":"publish","type":"post","link":"https:\/\/hablemosclarotdf.com.ar\/?p=73378","title":{"rendered":"RIO GRANDE : MA\u00d1ANA COMIENZA LA ENTREGA DE M\u00d3DULOS ALIMENTARIOS"},"content":{"rendered":"<p>El Municipio de R\u00edo Grande recuerda a los vecinos y vecinas que este martes 28 de abril comienza la distribuci\u00f3n de los m\u00f3dulos alimentarios en diferentes puntos de la ciudad, destinada a quienes est\u00e1n empadronados en el Programa Alimentario Municipal.<\/p>\n<p>La entrega es solamente a los y las titulares, quienes deben acercarse con el DNI al espacio correspondiente, entre las 11 y las 15 horas. Es importante aclarar que la entrega domiciliaria es para adultos mayores y personas con discapacidad que cuentan con movilidad reducida.<\/p>\n<p>El martes 28 la distribuci\u00f3n iniciar\u00e1 en el Centro Municipal de Desarrollo Comunitario (Rafaela Ishton 1148) para las y los riograndenses de la zona sur de la ciudad.<\/p>\n<p>Mientras que el mi\u00e9rcoles 29, la entrega seguir\u00e1 en la zona de Chacra II, Chacra IV, CGT y Mutual en el Centro Comunitario Municipal, ubicado en Victoria Ocampo y Rufino..<\/p>\n<p>Finalmente, el jueves 30 de abril los M\u00f3dulos Alimentarios se entregar\u00e1n en el Club Sportivo (Av. Belgrano 1130) para las familias de la zona c\u00e9ntrica, as\u00ed como para vecinas y vecinos de los barrios Malvinas Argentinas, Las Aves, Los Cisnes y Bicentenario.<\/p>\n<p><img loading=\"lazy\" decoding=\"async\" class=\"alignnone size-medium wp-image-73380\" src=\"https:\/\/hablemosclarotdf.com.ar\/wp-content\/uploads\/2026\/04\/photo_2026-04-27_15-53-01-1-240x300.jpg\" alt=\"\" width=\"240\" height=\"300\" srcset=\"https:\/\/hablemosclarotdf.com.ar\/wp-content\/uploads\/2026\/04\/photo_2026-04-27_15-53-01-1-240x300.jpg 240w, https:\/\/hablemosclarotdf.com.ar\/wp-content\/uploads\/2026\/04\/photo_2026-04-27_15-53-01-1-819x1024.jpg 819w, https:\/\/hablemosclarotdf.com.ar\/wp-content\/uploads\/2026\/04\/photo_2026-04-27_15-53-01-1-768x960.jpg 768w, https:\/\/hablemosclarotdf.com.ar\/wp-content\/uploads\/2026\/04\/photo_2026-04-27_15-53-01-1.jpg 1024w\" sizes=\"auto, (max-width: 240px) 100vw, 240px\" \/><\/p>\n","protected":false},"excerpt":{"rendered":"<p>El Municipio de R\u00edo Grande recuerda a los vecinos y vecinas que este martes 28&#8230;<\/p>\n","protected":false},"author":1,"featured_media":73379,"comment_status":"closed","ping_status":"closed","sticky":false,"template":"","format":"standard","meta":{"footnotes":""},"categories":[3],"tags":[],"class_list":["post-73378","post","type-post","status-publish","format-standard","has-post-thumbnail","hentry","category-noticias"],"jetpack_featured_media_url":"https:\/\/hablemosclarotdf.com.ar\/wp-content\/uploads\/2026\/04\/photo_2026-04-27_15-53-01.jpg","_links":{"self":[{"href":"https:\/\/hablemosclarotdf.com.ar\/index.php?rest_route=\/wp\/v2\/posts\/73378","targetHints":{"allow":["GET"]}}],"collection":[{"href":"https:\/\/hablemosclarotdf.com.ar\/index.php?rest_route=\/wp\/v2\/posts"}],"about":[{"href":"https:\/\/hablemosclarotdf.com.ar\/index.php?rest_route=\/wp\/v2\/types\/post"}],"author":[{"embeddable":true,"href":"https:\/\/hablemosclarotdf.com.ar\/index.php?rest_route=\/wp\/v2\/users\/1"}],"replies":[{"embeddable":true,"href":"https:\/\/hablemosclarotdf.com.ar\/index.php?rest_route=%2Fwp%2Fv2%2Fcomments&post=73378"}],"version-history":[{"count":1,"href":"https:\/\/hablemosclarotdf.com.ar\/index.php?rest_route=\/wp\/v2\/posts\/73378\/revisions"}],"predecessor-version":[{"id":73381,"href":"https:\/\/hablemosclarotdf.com.ar\/index.php?rest_route=\/wp\/v2\/posts\/73378\/revisions\/73381"}],"wp:featuredmedia":[{"embeddable":true,"href":"https:\/\/hablemosclarotdf.com.ar\/index.php?rest_route=\/wp\/v2\/media\/73379"}],"wp:attachment":[{"href":"https:\/\/hablemosclarotdf.com.ar\/index.php?rest_route=%2Fwp%2Fv2%2Fmedia&parent=73378"}],"wp:term":[{"taxonomy":"category","embeddable":true,"href":"https:\/\/hablemosclarotdf.com.ar\/index.php?rest_route=%2Fwp%2Fv2%2Fcategories&post=73378"},{"taxonomy":"post_tag","embeddable":true,"href":"https:\/\/hablemosclarotdf.com.ar\/index.php?rest_route=%2Fwp%2Fv2%2Ftags&post=73378"}],"curies":[{"name":"wp","href":"https:\/\/api.w.org\/{rel}","templated":true}]}}