{"id":73373,"date":"2026-04-27T15:52:06","date_gmt":"2026-04-27T18:52:06","guid":{"rendered":"https:\/\/hablemosclarotdf.com.ar\/?p=73373"},"modified":"2026-04-27T15:52:06","modified_gmt":"2026-04-27T18:52:06","slug":"rio-grande-consolida-un-modelo-de-integracion-productiva-a-partir-de-emprendimientos-locales","status":"publish","type":"post","link":"https:\/\/hablemosclarotdf.com.ar\/?p=73373","title":{"rendered":"R\u00cdO GRANDE CONSOLIDA UN MODELO DE INTEGRACI\u00d3N PRODUCTIVA A PARTIR DE EMPRENDIMIENTOS LOCALES"},"content":{"rendered":"<p>Tres proyectos productivos vinculados a la Escuela Municipal de Emprendedores avanzan en la consolidaci\u00f3n de una alianza estrat\u00e9gica que pone en valor la innovaci\u00f3n, el agregado de valor y la identidad regional, a partir de un esquema de trabajo colaborativo que fortalece el entramado productivo local.<\/p>\n<p>La experiencia se inscribe en un proceso de articulaci\u00f3n impulsado desde el Municipio de R\u00edo Grande, a trav\u00e9s de la Direcci\u00f3n de Desarrollo Local -dependiente de la Secretar\u00eda de Desarrollo Productivo-, en el marco de una pol\u00edtica sostenida de acompa\u00f1amiento a emprendedores y de transici\u00f3n hacia la soberan\u00eda alimentaria.<\/p>\n<p>Uno de los ejes de esta articulaci\u00f3n es el desarrollo que lleva adelante el productor pesquero Nen\u00e9 Ampuero, titular de \u201cPescados Nen\u00e9\u201d, quien impulsa la primera experiencia local de deshidrataci\u00f3n aplicada a subproductos del sector pesquero. A partir de materia prima que anteriormente era descartada, se encuentra desarrollando un prototipo de snack de pescado para mascotas, promoviendo una l\u00f3gica de producci\u00f3n m\u00e1s sustentable y de aprovechamiento integral de los recursos.<\/p>\n<p>Este proceso se vincula directamente con la primera f\u00e1brica local de deshidratados, \u201cLos R\u00edos\u201d, la cual funciona como punto de encuentro y motor de integraci\u00f3n entre distintas iniciativas productivas. Desde este espacio se articulan el desarrollo del snack de pescado junto a Ampuero; mientras que, por otro, el trabajo conjunto con la productora Virginia Saldivia, referente de \u201cChacra Lo de Astorga\u201d y una hist\u00f3rica emprendedora de la ciudad, para la elaboraci\u00f3n de un t\u00e9 de ruibarbo y lim\u00f3n.<\/p>\n<p>Esta propuesta revaloriza al ruibarbo como cultivo identitario de R\u00edo Grande, incorpor\u00e1ndolo en un producto innovador con proyecci\u00f3n de crecimiento, diversificaci\u00f3n y acceso a nuevos mercados.<\/p>\n<p>La experiencia da cuenta de un esquema de encadenamiento productivo virtuoso, donde distintas iniciativas se integran a partir de la innovaci\u00f3n y el agregado de valor, generando nuevas oportunidades econ\u00f3micas y ampliando la oferta de productos locales para la comunidad.<\/p>\n<p>Al respecto, el secretario de Desarrollo Productivo, Facundo Armas, expres\u00f3 que &#8220;en un contexto econ\u00f3mico complejo, estamos convencidos de que la salida es colectiva. Estos procesos de integraci\u00f3n productiva muestran que cuando hay articulaci\u00f3n, acompa\u00f1amiento y decisi\u00f3n pol\u00edtica, se generan oportunidades reales. La Escuela Municipal de Emprendedores es una pol\u00edtica integral que involucra a distintas \u00e1reas del Municipio, con el objetivo de formar en oficios, fortalecer capacidades y acompa\u00f1ar el desarrollo de emprendimientos sostenibles con arraigo en nuestro territorio&#8221;.<\/p>\n<p>&#8220;R\u00edo Grande es una ciudad emprendedora, con identidad productiva y estas experiencias son ejemplos concretos de que es posible construir un entramado econ\u00f3mico m\u00e1s diversificado, con agregado de valor y proyecci\u00f3n. Por eso invitamos a toda la comunidad a sumarse, a capacitarse y a ser parte de este proceso, porque creemos en el trabajo como motor de desarrollo y en la comunidad como base para salir adelante\u201d, agreg\u00f3 el funcionario.<\/p>\n<p>Desde el Municipio destacaron que este tipo de articulaciones permiten seguir consolidando un modelo productivo local basado en la cooperaci\u00f3n, la innovaci\u00f3n y la soberan\u00eda alimentaria, generando condiciones para que m\u00e1s vecinos y vecinas puedan desarrollarse, integrarse y proyectar sus iniciativas.<\/p>\n<p><img loading=\"lazy\" decoding=\"async\" class=\"alignnone size-medium wp-image-73375\" src=\"https:\/\/hablemosclarotdf.com.ar\/wp-content\/uploads\/2026\/04\/photo_2026-04-27_15-50-54-300x214.jpg\" alt=\"\" width=\"300\" height=\"214\" srcset=\"https:\/\/hablemosclarotdf.com.ar\/wp-content\/uploads\/2026\/04\/photo_2026-04-27_15-50-54-300x214.jpg 300w, https:\/\/hablemosclarotdf.com.ar\/wp-content\/uploads\/2026\/04\/photo_2026-04-27_15-50-54-1024x731.jpg 1024w, https:\/\/hablemosclarotdf.com.ar\/wp-content\/uploads\/2026\/04\/photo_2026-04-27_15-50-54-768x548.jpg 768w, https:\/\/hablemosclarotdf.com.ar\/wp-content\/uploads\/2026\/04\/photo_2026-04-27_15-50-54.jpg 1280w\" sizes=\"auto, (max-width: 300px) 100vw, 300px\" \/> <img loading=\"lazy\" decoding=\"async\" class=\"alignnone size-medium wp-image-73376\" src=\"https:\/\/hablemosclarotdf.com.ar\/wp-content\/uploads\/2026\/04\/photo_2026-04-27_15-50-59-300x214.jpg\" alt=\"\" width=\"300\" height=\"214\" srcset=\"https:\/\/hablemosclarotdf.com.ar\/wp-content\/uploads\/2026\/04\/photo_2026-04-27_15-50-59-300x214.jpg 300w, https:\/\/hablemosclarotdf.com.ar\/wp-content\/uploads\/2026\/04\/photo_2026-04-27_15-50-59-1024x731.jpg 1024w, https:\/\/hablemosclarotdf.com.ar\/wp-content\/uploads\/2026\/04\/photo_2026-04-27_15-50-59-768x548.jpg 768w, https:\/\/hablemosclarotdf.com.ar\/wp-content\/uploads\/2026\/04\/photo_2026-04-27_15-50-59.jpg 1280w\" sizes=\"auto, (max-width: 300px) 100vw, 300px\" \/><\/p>\n","protected":false},"excerpt":{"rendered":"<p>Tres proyectos productivos vinculados a la Escuela Municipal de Emprendedores avanzan en la consolidaci\u00f3n de&#8230;<\/p>\n","protected":false},"author":1,"featured_media":73374,"comment_status":"closed","ping_status":"closed","sticky":false,"template":"","format":"standard","meta":{"footnotes":""},"categories":[3],"tags":[],"class_list":["post-73373","post","type-post","status-publish","format-standard","has-post-thumbnail","hentry","category-noticias"],"jetpack_featured_media_url":"https:\/\/hablemosclarotdf.com.ar\/wp-content\/uploads\/2026\/04\/photo_2026-04-27_15-50-49.jpg","_links":{"self":[{"href":"https:\/\/hablemosclarotdf.com.ar\/index.php?rest_route=\/wp\/v2\/posts\/73373","targetHints":{"allow":["GET"]}}],"collection":[{"href":"https:\/\/hablemosclarotdf.com.ar\/index.php?rest_route=\/wp\/v2\/posts"}],"about":[{"href":"https:\/\/hablemosclarotdf.com.ar\/index.php?rest_route=\/wp\/v2\/types\/post"}],"author":[{"embeddable":true,"href":"https:\/\/hablemosclarotdf.com.ar\/index.php?rest_route=\/wp\/v2\/users\/1"}],"replies":[{"embeddable":true,"href":"https:\/\/hablemosclarotdf.com.ar\/index.php?rest_route=%2Fwp%2Fv2%2Fcomments&post=73373"}],"version-history":[{"count":1,"href":"https:\/\/hablemosclarotdf.com.ar\/index.php?rest_route=\/wp\/v2\/posts\/73373\/revisions"}],"predecessor-version":[{"id":73377,"href":"https:\/\/hablemosclarotdf.com.ar\/index.php?rest_route=\/wp\/v2\/posts\/73373\/revisions\/73377"}],"wp:featuredmedia":[{"embeddable":true,"href":"https:\/\/hablemosclarotdf.com.ar\/index.php?rest_route=\/wp\/v2\/media\/73374"}],"wp:attachment":[{"href":"https:\/\/hablemosclarotdf.com.ar\/index.php?rest_route=%2Fwp%2Fv2%2Fmedia&parent=73373"}],"wp:term":[{"taxonomy":"category","embeddable":true,"href":"https:\/\/hablemosclarotdf.com.ar\/index.php?rest_route=%2Fwp%2Fv2%2Fcategories&post=73373"},{"taxonomy":"post_tag","embeddable":true,"href":"https:\/\/hablemosclarotdf.com.ar\/index.php?rest_route=%2Fwp%2Fv2%2Ftags&post=73373"}],"curies":[{"name":"wp","href":"https:\/\/api.w.org\/{rel}","templated":true}]}}