{"id":73361,"date":"2026-04-27T12:55:48","date_gmt":"2026-04-27T15:55:48","guid":{"rendered":"https:\/\/hablemosclarotdf.com.ar\/?p=73361"},"modified":"2026-04-27T12:55:48","modified_gmt":"2026-04-27T15:55:48","slug":"tierra-del-fuego-inicio-la-semana-de-vacunacion-en-las-americas","status":"publish","type":"post","link":"https:\/\/hablemosclarotdf.com.ar\/?p=73361","title":{"rendered":"TIERRA DEL FUEGO INICI\u00d3 LA SEMANA DE VACUNACI\u00d3N EN LAS AM\u00c9RICAS"},"content":{"rendered":"<p>Se inici\u00f3 este s\u00e1bado en Tierra del Fuego una nueva edici\u00f3n de la Semana de Vacunaci\u00f3n en las Am\u00e9ricas, una iniciativa impulsada por la Organizaci\u00f3n Panamericana de la Salud (OPS) que se desarrollar\u00e1 hasta el 2 de mayo con el objetivo de fortalecer la prevenci\u00f3n de enfermedades y promover el acceso equitativo a la vacunaci\u00f3n.<\/p>\n<p>Bajo el lema \u201cTu decisi\u00f3n marca la diferencia\u201d, la propuesta busca reforzar la importancia de la vacunaci\u00f3n como una herramienta clave de salud p\u00fablica, especialmente en un contexto en el que resulta fundamental sostener altas coberturas para prevenir la reaparici\u00f3n de enfermedades como el sarampi\u00f3n.<\/p>\n<p>En la provincia, las actividades se llevan adelante en todos los centros de salud de la Provincia, el Hospital Regional Rio Grande, el vacunatorio del Centro Provincial de Rehabilitaci\u00f3n en Ushuaia as\u00ed como Centros de Salud Municipales de R\u00edo Grande. El objetivo es facilitar el acceso de vacunas a la poblaci\u00f3n y promover la actualizaci\u00f3n de los esquemas del calendario nacional.<\/p>\n<p>Durante esta edici\u00f3n, se har\u00e1 especial \u00e9nfasis en el fortalecimiento de la campa\u00f1a de vacunaci\u00f3n antigripal y en la actualizaci\u00f3n de esquemas en todas las etapas de la vida. Desde la cartera sanitaria recordaron que las vacunas del calendario nacional son gratuitas y est\u00e1n disponibles en todos los centros de salud de la provincia, e invitaron a la comunidad a acercarse para completar sus esquemas.<\/p>\n<p>El cronograma de actividades se extender\u00e1 hasta el s\u00e1bado 2 de mayo y ser\u00e1 difundido a trav\u00e9s de las redes oficiales del Ministerio de Salud.<\/p>\n<p><img loading=\"lazy\" decoding=\"async\" class=\"alignnone size-medium wp-image-73363\" src=\"https:\/\/hablemosclarotdf.com.ar\/wp-content\/uploads\/2026\/04\/photo_2026-04-27_12-55-06-300x201.jpg\" alt=\"\" width=\"300\" height=\"201\" srcset=\"https:\/\/hablemosclarotdf.com.ar\/wp-content\/uploads\/2026\/04\/photo_2026-04-27_12-55-06-300x201.jpg 300w, https:\/\/hablemosclarotdf.com.ar\/wp-content\/uploads\/2026\/04\/photo_2026-04-27_12-55-06-1024x685.jpg 1024w, https:\/\/hablemosclarotdf.com.ar\/wp-content\/uploads\/2026\/04\/photo_2026-04-27_12-55-06-768x514.jpg 768w, https:\/\/hablemosclarotdf.com.ar\/wp-content\/uploads\/2026\/04\/photo_2026-04-27_12-55-06.jpg 1280w\" sizes=\"auto, (max-width: 300px) 100vw, 300px\" \/><\/p>\n","protected":false},"excerpt":{"rendered":"<p>Se inici\u00f3 este s\u00e1bado en Tierra del Fuego una nueva edici\u00f3n de la Semana de&#8230;<\/p>\n","protected":false},"author":1,"featured_media":73362,"comment_status":"closed","ping_status":"closed","sticky":false,"template":"","format":"standard","meta":{"footnotes":""},"categories":[3],"tags":[],"class_list":["post-73361","post","type-post","status-publish","format-standard","has-post-thumbnail","hentry","category-noticias"],"jetpack_featured_media_url":"https:\/\/hablemosclarotdf.com.ar\/wp-content\/uploads\/2026\/04\/photo_2026-04-27_12-55-02.jpg","_links":{"self":[{"href":"https:\/\/hablemosclarotdf.com.ar\/index.php?rest_route=\/wp\/v2\/posts\/73361","targetHints":{"allow":["GET"]}}],"collection":[{"href":"https:\/\/hablemosclarotdf.com.ar\/index.php?rest_route=\/wp\/v2\/posts"}],"about":[{"href":"https:\/\/hablemosclarotdf.com.ar\/index.php?rest_route=\/wp\/v2\/types\/post"}],"author":[{"embeddable":true,"href":"https:\/\/hablemosclarotdf.com.ar\/index.php?rest_route=\/wp\/v2\/users\/1"}],"replies":[{"embeddable":true,"href":"https:\/\/hablemosclarotdf.com.ar\/index.php?rest_route=%2Fwp%2Fv2%2Fcomments&post=73361"}],"version-history":[{"count":1,"href":"https:\/\/hablemosclarotdf.com.ar\/index.php?rest_route=\/wp\/v2\/posts\/73361\/revisions"}],"predecessor-version":[{"id":73364,"href":"https:\/\/hablemosclarotdf.com.ar\/index.php?rest_route=\/wp\/v2\/posts\/73361\/revisions\/73364"}],"wp:featuredmedia":[{"embeddable":true,"href":"https:\/\/hablemosclarotdf.com.ar\/index.php?rest_route=\/wp\/v2\/media\/73362"}],"wp:attachment":[{"href":"https:\/\/hablemosclarotdf.com.ar\/index.php?rest_route=%2Fwp%2Fv2%2Fmedia&parent=73361"}],"wp:term":[{"taxonomy":"category","embeddable":true,"href":"https:\/\/hablemosclarotdf.com.ar\/index.php?rest_route=%2Fwp%2Fv2%2Fcategories&post=73361"},{"taxonomy":"post_tag","embeddable":true,"href":"https:\/\/hablemosclarotdf.com.ar\/index.php?rest_route=%2Fwp%2Fv2%2Ftags&post=73361"}],"curies":[{"name":"wp","href":"https:\/\/api.w.org\/{rel}","templated":true}]}}