{"id":73342,"date":"2026-04-27T12:48:40","date_gmt":"2026-04-27T15:48:40","guid":{"rendered":"https:\/\/hablemosclarotdf.com.ar\/?p=73342"},"modified":"2026-04-27T12:48:40","modified_gmt":"2026-04-27T15:48:40","slug":"rio-grande-reactivamos-una-obra-clave-con-inversion-propia","status":"publish","type":"post","link":"https:\/\/hablemosclarotdf.com.ar\/?p=73342","title":{"rendered":"RIO GRANDE : \u201cREACTIVAMOS UNA OBRA CLAVE   CON INVERSI\u00d3N PROPIA\u201d"},"content":{"rendered":"<p>As\u00ed lo afirm\u00f3 el intendente Mart\u00edn Perez durante la recorrida que encabez\u00f3 junto a la secretaria de Obras P\u00fablicas, Silvina M\u00f3naco, en el Natatorio Ol\u00edmpico del barrio Chacra II, donde se supervisaron los avances de esta obra estrat\u00e9gica, actualmente en su etapa final de ejecuci\u00f3n.<\/p>\n<p>En ese marco, se supervisaron los avances generales del proyecto, el cual ya supera el 80% de ejecuci\u00f3n. En esta instancia, los trabajos se concentran en tareas internas y de instalaci\u00f3n, con el objetivo de consolidar una infraestructura deportiva de primer nivel para la ciudad.<\/p>\n<p>En ese marco, el intendente Mart\u00edn Perez afirm\u00f3: \u201ctomamos la decisi\u00f3n de llevar adelante la inversi\u00f3n necesaria para poder finalizar esta obra que los vecinos y vecinas de R\u00edo Grande tanto esperan. Hemos podido retomar y esperamos poder tenerla pronto en funcionamiento para toda la comunidad.\u201d<\/p>\n<p>En esa l\u00ednea, subray\u00f3 que \u201cel a\u00f1o pasado, como ya lo he mencionado en otras oportunidades, realizamos la inversi\u00f3n para la compra de todo el equipamiento que requiere esta pileta: los filtros, los tanques de agua, el sistema de calefacci\u00f3n, todo lo necesario para poner en marcha un espacio de esta magnitud, que la ciudad realmente necesita.\u201d<\/p>\n<p>Asimismo, remarc\u00f3: &#8220;estamos haciendo un esfuerzo enorme desde el punto de vista presupuestario para poder finalizar no solamente esta obra, sino tambi\u00e9n otras que eran financiadas por el Gobierno Nacional.\u201d<\/p>\n<p>Finalmente, se\u00f1al\u00f3: \u201clo cierto es que, hace aproximadamente un a\u00f1o y medio, el Estado Nacional tom\u00f3 la decisi\u00f3n de desinvertir en obra p\u00fablica en todas las ciudades del pa\u00eds, y Tierra del Fuego no fue la excepci\u00f3n.\u201d<\/p>\n<p>Por su parte, la secretaria de Obras P\u00fablicas, Silvina M\u00f3naco, explic\u00f3 que &#8220;los trabajos se retomaron ejecutando principalmente las instalaciones, es decir, todo aquello que va a quedar por debajo de los revestimientos.\u201d<\/p>\n<p>Asimismo, detall\u00f3 que se avanza en las instalaciones del edificio y, por otro, en las vinculadas a la sala de m\u00e1quinas, lo que permitir\u00e1 comenzar con la colocaci\u00f3n de todo el equipamiento adquirido el a\u00f1o pasado. Esto incluye los sistemas necesarios para calefaccionar el espacio, climatizar la pileta y el piso del sector, as\u00ed como tambi\u00e9n poner en condiciones las \u00e1reas de servicio como ba\u00f1os, vestuarios, confiter\u00eda y oficinas.\u201d<\/p>\n<p>En esa l\u00ednea, agreg\u00f3 \u201cHoy, lo m\u00e1s importante es avanzar con las instalaciones b\u00e1sicas y el armado de la sala de m\u00e1quinas, para luego dar inicio al montaje de los equipos.\u201d<\/p>\n<p>A su vez, se\u00f1al\u00f3 \u201cSe est\u00e1 trabajando en el sal\u00f3n con tareas de revestimiento y en la colocaci\u00f3n de conductos de calefacci\u00f3n, lo que implica labores en altura para posteriormente liberar sectores donde se avanzar\u00e1 con la colocaci\u00f3n de pisos, especialmente en el \u00e1rea perimetral de la pileta. Es una obra que se ejecuta por etapas.\u201d<\/p>\n<p>Finalmente, destac\u00f3 \u201cTodo el sector correspondiente a la pileta y su funcionamiento fue desarrollado en el marco de esta gesti\u00f3n.\u201d<\/p>\n<p>En ese sentido, agreg\u00f3 \u201cSe prev\u00e9 que la pileta pueda comenzar su etapa de puesta en marcha hacia fin de a\u00f1o o principios del pr\u00f3ximo, dependiendo de las condiciones necesarias para su correcto llenado.\u201d<\/p>\n<p>De igual manera, el asesor t\u00e9cnico de la obra, Luciano Morandi, indic\u00f3 \u201cLa obra civil est\u00e1 muy avanzada. Estamos por encima de un 80%. Ahora comienza una etapa de armado de instalaciones y montaje de los equipos que el Municipio adquiri\u00f3 con fondos propios, fundamentales para el funcionamiento de la pileta, como la climatizaci\u00f3n, el tratamiento del agua y el filtrado.\u201d<\/p>\n<p>En ese marco, se destac\u00f3 que esta obra forma parte de una visi\u00f3n integral que busca posicionar a R\u00edo Grande como una ciudad del deporte, fortaleciendo el acceso a espacios de calidad para el desarrollo de distintas disciplinas. Asimismo, se remarc\u00f3 el esfuerzo sostenido del Municipio para llevar adelante esta iniciativa con financiamiento propio, incluyendo una inversi\u00f3n superior a los mil millones de pesos durante el 2025 destinada a la adquisici\u00f3n de equipamiento e insumos clave.<\/p>\n<p>Igualmente, la recorrida cont\u00f3 con la presencia de la presidenta del Concejo Deliberante, Guadalupe Zamora; los concejales Alejandra Arce, Jonathan Bogado, Ver\u00f3nica Mart\u00ednez, Mat\u00edas L\u00f6ffler, Maximiliano Ybars y Federico Run\u00edn; adem\u00e1s de integrantes del gabinete municipal y medios de comunicaci\u00f3n locales.<\/p>\n<p>De esta manera, el Municipio reafirma su compromiso con el desarrollo deportivo de R\u00edo Grande, consolidando una obra hist\u00f3rica que ampl\u00eda derechos, genera oportunidades y mejora la calidad de vida de las y los riograndenses.<\/p>\n<p><img loading=\"lazy\" decoding=\"async\" class=\"alignnone size-medium wp-image-73345\" src=\"https:\/\/hablemosclarotdf.com.ar\/wp-content\/uploads\/2026\/04\/photo_2026-04-27_12-47-30-300x200.jpg\" alt=\"\" width=\"300\" height=\"200\" srcset=\"https:\/\/hablemosclarotdf.com.ar\/wp-content\/uploads\/2026\/04\/photo_2026-04-27_12-47-30-300x200.jpg 300w, https:\/\/hablemosclarotdf.com.ar\/wp-content\/uploads\/2026\/04\/photo_2026-04-27_12-47-30-1024x683.jpg 1024w, https:\/\/hablemosclarotdf.com.ar\/wp-content\/uploads\/2026\/04\/photo_2026-04-27_12-47-30-768x512.jpg 768w, https:\/\/hablemosclarotdf.com.ar\/wp-content\/uploads\/2026\/04\/photo_2026-04-27_12-47-30.jpg 1500w\" sizes=\"auto, (max-width: 300px) 100vw, 300px\" \/> <img loading=\"lazy\" decoding=\"async\" class=\"alignnone size-medium wp-image-73346\" src=\"https:\/\/hablemosclarotdf.com.ar\/wp-content\/uploads\/2026\/04\/photo_2026-04-27_12-47-37-300x200.jpg\" alt=\"\" width=\"300\" height=\"200\" srcset=\"https:\/\/hablemosclarotdf.com.ar\/wp-content\/uploads\/2026\/04\/photo_2026-04-27_12-47-37-300x200.jpg 300w, https:\/\/hablemosclarotdf.com.ar\/wp-content\/uploads\/2026\/04\/photo_2026-04-27_12-47-37-1024x683.jpg 1024w, https:\/\/hablemosclarotdf.com.ar\/wp-content\/uploads\/2026\/04\/photo_2026-04-27_12-47-37-768x512.jpg 768w, https:\/\/hablemosclarotdf.com.ar\/wp-content\/uploads\/2026\/04\/photo_2026-04-27_12-47-37.jpg 1500w\" sizes=\"auto, (max-width: 300px) 100vw, 300px\" \/> <img loading=\"lazy\" decoding=\"async\" class=\"alignnone size-medium wp-image-73347\" src=\"https:\/\/hablemosclarotdf.com.ar\/wp-content\/uploads\/2026\/04\/photo_2026-04-27_12-47-44-300x200.jpg\" alt=\"\" width=\"300\" height=\"200\" srcset=\"https:\/\/hablemosclarotdf.com.ar\/wp-content\/uploads\/2026\/04\/photo_2026-04-27_12-47-44-300x200.jpg 300w, https:\/\/hablemosclarotdf.com.ar\/wp-content\/uploads\/2026\/04\/photo_2026-04-27_12-47-44-1024x683.jpg 1024w, https:\/\/hablemosclarotdf.com.ar\/wp-content\/uploads\/2026\/04\/photo_2026-04-27_12-47-44-768x512.jpg 768w, https:\/\/hablemosclarotdf.com.ar\/wp-content\/uploads\/2026\/04\/photo_2026-04-27_12-47-44.jpg 1500w\" sizes=\"auto, (max-width: 300px) 100vw, 300px\" \/><\/p>\n","protected":false},"excerpt":{"rendered":"<p>As\u00ed lo afirm\u00f3 el intendente Mart\u00edn Perez durante la recorrida que encabez\u00f3 junto a la&#8230;<\/p>\n","protected":false},"author":1,"featured_media":73344,"comment_status":"closed","ping_status":"closed","sticky":false,"template":"","format":"standard","meta":{"footnotes":""},"categories":[3],"tags":[],"class_list":["post-73342","post","type-post","status-publish","format-standard","has-post-thumbnail","hentry","category-noticias"],"jetpack_featured_media_url":"https:\/\/hablemosclarotdf.com.ar\/wp-content\/uploads\/2026\/04\/photo_2026-04-27_12-47-21.jpg","_links":{"self":[{"href":"https:\/\/hablemosclarotdf.com.ar\/index.php?rest_route=\/wp\/v2\/posts\/73342","targetHints":{"allow":["GET"]}}],"collection":[{"href":"https:\/\/hablemosclarotdf.com.ar\/index.php?rest_route=\/wp\/v2\/posts"}],"about":[{"href":"https:\/\/hablemosclarotdf.com.ar\/index.php?rest_route=\/wp\/v2\/types\/post"}],"author":[{"embeddable":true,"href":"https:\/\/hablemosclarotdf.com.ar\/index.php?rest_route=\/wp\/v2\/users\/1"}],"replies":[{"embeddable":true,"href":"https:\/\/hablemosclarotdf.com.ar\/index.php?rest_route=%2Fwp%2Fv2%2Fcomments&post=73342"}],"version-history":[{"count":2,"href":"https:\/\/hablemosclarotdf.com.ar\/index.php?rest_route=\/wp\/v2\/posts\/73342\/revisions"}],"predecessor-version":[{"id":73348,"href":"https:\/\/hablemosclarotdf.com.ar\/index.php?rest_route=\/wp\/v2\/posts\/73342\/revisions\/73348"}],"wp:featuredmedia":[{"embeddable":true,"href":"https:\/\/hablemosclarotdf.com.ar\/index.php?rest_route=\/wp\/v2\/media\/73344"}],"wp:attachment":[{"href":"https:\/\/hablemosclarotdf.com.ar\/index.php?rest_route=%2Fwp%2Fv2%2Fmedia&parent=73342"}],"wp:term":[{"taxonomy":"category","embeddable":true,"href":"https:\/\/hablemosclarotdf.com.ar\/index.php?rest_route=%2Fwp%2Fv2%2Fcategories&post=73342"},{"taxonomy":"post_tag","embeddable":true,"href":"https:\/\/hablemosclarotdf.com.ar\/index.php?rest_route=%2Fwp%2Fv2%2Ftags&post=73342"}],"curies":[{"name":"wp","href":"https:\/\/api.w.org\/{rel}","templated":true}]}}