{"id":73329,"date":"2026-04-27T10:42:43","date_gmt":"2026-04-27T13:42:43","guid":{"rendered":"https:\/\/hablemosclarotdf.com.ar\/?p=73329"},"modified":"2026-04-27T10:42:43","modified_gmt":"2026-04-27T13:42:43","slug":"rio-grande-ser-una-provincia-grande-implica-responsabilidad-desarrollo-y-defensa-del-trabajo-fueguino","status":"publish","type":"post","link":"https:\/\/hablemosclarotdf.com.ar\/?p=73329","title":{"rendered":"RIO GRANDE : &#8220;SER UNA PROVINCIA GRANDE IMPLICA RESPONSABILIDAD, DESARROLLO Y DEFENSA DEL TRABAJO FUEGUINO&#8221;"},"content":{"rendered":"<p>As\u00ed lo expres\u00f3 el intendente de R\u00edo Grande, Mart\u00edn Perez, durante el acto por el 36\u00b0 aniversario de la sanci\u00f3n de la Ley Nacional N.\u00ba 23.775, que concret\u00f3 la provincializaci\u00f3n de Tierra del Fuego, Ant\u00e1rtida e Islas del Atl\u00e1ntico Sur. En ese marco, se inaugur\u00f3 una escultura alusiva emplazada sobre la avenida H\u00e9roes de Malvinas, una obra que refuerza la identidad y la memoria colectiva en una jornada atravesada por un fuerte contenido hist\u00f3rico y pol\u00edtico.<\/p>\n<p>En el inicio de su mensaje, el jefe comunal puso en perspectiva el significado de la fecha al se\u00f1alar que \u201ca 36 a\u00f1os de la provincializaci\u00f3n de Tierra del Fuego, recordamos una decisi\u00f3n pol\u00edtica que cambi\u00f3 nuestra historia. Dejamos de ser territorio para convertirnos en provincia, para asumir con autonom\u00eda y responsabilidad el desaf\u00edo de construir nuestro propio destino\u201d.<\/p>\n<p>En esa l\u00ednea, destac\u00f3 que \u201cese paso fue posible gracias a una generaci\u00f3n de fueguinos y fueguinas que entendieron que este lugar no era solo un punto en el mapa, sino una parte estrat\u00e9gica del pa\u00eds\u201d , y remarc\u00f3 que \u201choy somos una provincia clave para la Argentina, en el Atl\u00e1ntico Sur, en nuestras islas, en Malvinas y en la Ant\u00e1rtida\u201d.<\/p>\n<p>Asimismo, el intendente subray\u00f3 que \u201cser una provincia grande no es solo un reconocimiento: es una responsabilidad. Implica defender lo logrado, cuidar el trabajo fueguino y proyectar desarrollo con una mirada estrat\u00e9gica y soberana\u201d, al tiempo que agreg\u00f3 que \u201cla provincializaci\u00f3n nos dio herramientas, institucionalidad y la posibilidad de decidir\u201d .<\/p>\n<p>\u201cHoy, m\u00e1s que nunca, el compromiso es claro: estar a la altura de nuestra historia y del futuro que tenemos por delante\u201d, afirm\u00f3.<\/p>\n<p>El 26 de abril de 1990 marc\u00f3 un hito fundamental para el pa\u00eds, al reconocer la relevancia estrat\u00e9gica de la regi\u00f3n, vinculada a su proyecci\u00f3n sobre el mar argentino, la cercan\u00eda con la Ant\u00e1rtida, la riqueza de sus recursos naturales y su hist\u00f3rica relaci\u00f3n con las Islas Malvinas.<\/p>\n<p>En este contexto, el Municipio de R\u00edo Grande llev\u00f3 adelante el acto conmemorativo por el 36\u00b0 aniversario de la provincializaci\u00f3n, ocasi\u00f3n en la que se inaugur\u00f3 una escultura alusiva realizada por la ingeniera Alejandra Portatadino. La obra se incorpora como un s\u00edmbolo permanente de identidad, soberan\u00eda y reconocimiento a la historia fueguina.<\/p>\n<p>Durante la ceremonia, el intendente Mart\u00edn Perez, junto a la autora de la obra y al concejal mandato cumplido Hugo Mart\u00ednez, recibieron una declaraci\u00f3n de inter\u00e9s municipal por parte del Concejo Deliberante.<\/p>\n<p>La actividad cont\u00f3 con la participaci\u00f3n de autoridades municipales, representantes institucionales, dirigentes y miembros de la Asamblea Convencional Constituyente. Adem\u00e1s, el acto fue musicalizado por la Banda Municipal de M\u00fasica de R\u00edo Grande en conjunto con la Banda del \u00c1rea Naval Austral.<\/p>\n<p>Al hacer uso de la palabra, el intendente destac\u00f3: \u201choy es una fecha muy importante para nuestro pueblo fueguino. A 36 a\u00f1os de la provincializaci\u00f3n, queremos poner en valor a todos aquellos vecinos y vecinas que fueron protagonistas de esa gesta hist\u00f3rica y que hicieron posible que Tierra del Fuego se convierta en provincia\u201d.<\/p>\n<p>En relaci\u00f3n con la inauguraci\u00f3n del monumento, se\u00f1al\u00f3: \u201cesta obra no es solo un homenaje a quienes llevaron adelante la provincializaci\u00f3n, sino tambi\u00e9n una forma de poner en valor a nuestra industria nacional, que hoy atraviesa momentos complejos y que forma parte de nuestra identidad como fueguinos. Estamos en estos territorios porque hacemos soberan\u00eda, porque defendemos la industria y porque sabemos que no existe desarrollo posible en la Argentina sin una industria nacional fuerte\u201d.<\/p>\n<p>Asimismo, el jefe comunal remarc\u00f3 la dimensi\u00f3n territorial de la provincia: \u201cTierra del Fuego no es solo nuestra isla: comprende tambi\u00e9n la Ant\u00e1rtida, la dimensi\u00f3n mar\u00edtima y nuestras Islas Malvinas, que forman parte de nuestro territorio y se encuentran ocupadas ilegalmente.<\/p>\n<p>Es fundamental que cada persona que visite R\u00edo Grande pueda comprender la magnitud geopol\u00edtica de nuestra provincia\u201d.<\/p>\n<p>Finalmente, sostuvo que \u201ctodos tenemos la responsabilidad de seguir poniendo en valor esa dimensi\u00f3n geopol\u00edtica, su vinculaci\u00f3n con la Ant\u00e1rtida y el potencial de nuestros recursos en el mar argentino, adem\u00e1s de continuar denunciando el saqueo en nuestras islas. Es un compromiso que debemos asumir como pueblo para construir la provincia que queremos para las futuras generaciones\u201d.<\/p>\n<p><img loading=\"lazy\" decoding=\"async\" class=\"alignnone size-medium wp-image-73331\" src=\"https:\/\/hablemosclarotdf.com.ar\/wp-content\/uploads\/2026\/04\/photo_2026-04-27_10-41-33-300x200.jpg\" alt=\"\" width=\"300\" height=\"200\" srcset=\"https:\/\/hablemosclarotdf.com.ar\/wp-content\/uploads\/2026\/04\/photo_2026-04-27_10-41-33-300x200.jpg 300w, https:\/\/hablemosclarotdf.com.ar\/wp-content\/uploads\/2026\/04\/photo_2026-04-27_10-41-33-1024x682.jpg 1024w, https:\/\/hablemosclarotdf.com.ar\/wp-content\/uploads\/2026\/04\/photo_2026-04-27_10-41-33-768x512.jpg 768w, https:\/\/hablemosclarotdf.com.ar\/wp-content\/uploads\/2026\/04\/photo_2026-04-27_10-41-33.jpg 1280w\" sizes=\"auto, (max-width: 300px) 100vw, 300px\" \/><\/p>\n<p><img loading=\"lazy\" decoding=\"async\" class=\"alignnone size-medium wp-image-73332\" src=\"https:\/\/hablemosclarotdf.com.ar\/wp-content\/uploads\/2026\/04\/photo_2026-04-27_10-41-41-300x200.jpg\" alt=\"\" width=\"300\" height=\"200\" srcset=\"https:\/\/hablemosclarotdf.com.ar\/wp-content\/uploads\/2026\/04\/photo_2026-04-27_10-41-41-300x200.jpg 300w, https:\/\/hablemosclarotdf.com.ar\/wp-content\/uploads\/2026\/04\/photo_2026-04-27_10-41-41-1024x682.jpg 1024w, https:\/\/hablemosclarotdf.com.ar\/wp-content\/uploads\/2026\/04\/photo_2026-04-27_10-41-41-768x512.jpg 768w, https:\/\/hablemosclarotdf.com.ar\/wp-content\/uploads\/2026\/04\/photo_2026-04-27_10-41-41.jpg 1280w\" sizes=\"auto, (max-width: 300px) 100vw, 300px\" \/><\/p>\n","protected":false},"excerpt":{"rendered":"<p>As\u00ed lo expres\u00f3 el intendente de R\u00edo Grande, Mart\u00edn Perez, durante el acto por el&#8230;<\/p>\n","protected":false},"author":1,"featured_media":73330,"comment_status":"closed","ping_status":"closed","sticky":false,"template":"","format":"standard","meta":{"footnotes":""},"categories":[3],"tags":[],"class_list":["post-73329","post","type-post","status-publish","format-standard","has-post-thumbnail","hentry","category-noticias"],"jetpack_featured_media_url":"https:\/\/hablemosclarotdf.com.ar\/wp-content\/uploads\/2026\/04\/photo_2026-04-27_10-41-22.jpg","_links":{"self":[{"href":"https:\/\/hablemosclarotdf.com.ar\/index.php?rest_route=\/wp\/v2\/posts\/73329","targetHints":{"allow":["GET"]}}],"collection":[{"href":"https:\/\/hablemosclarotdf.com.ar\/index.php?rest_route=\/wp\/v2\/posts"}],"about":[{"href":"https:\/\/hablemosclarotdf.com.ar\/index.php?rest_route=\/wp\/v2\/types\/post"}],"author":[{"embeddable":true,"href":"https:\/\/hablemosclarotdf.com.ar\/index.php?rest_route=\/wp\/v2\/users\/1"}],"replies":[{"embeddable":true,"href":"https:\/\/hablemosclarotdf.com.ar\/index.php?rest_route=%2Fwp%2Fv2%2Fcomments&post=73329"}],"version-history":[{"count":1,"href":"https:\/\/hablemosclarotdf.com.ar\/index.php?rest_route=\/wp\/v2\/posts\/73329\/revisions"}],"predecessor-version":[{"id":73333,"href":"https:\/\/hablemosclarotdf.com.ar\/index.php?rest_route=\/wp\/v2\/posts\/73329\/revisions\/73333"}],"wp:featuredmedia":[{"embeddable":true,"href":"https:\/\/hablemosclarotdf.com.ar\/index.php?rest_route=\/wp\/v2\/media\/73330"}],"wp:attachment":[{"href":"https:\/\/hablemosclarotdf.com.ar\/index.php?rest_route=%2Fwp%2Fv2%2Fmedia&parent=73329"}],"wp:term":[{"taxonomy":"category","embeddable":true,"href":"https:\/\/hablemosclarotdf.com.ar\/index.php?rest_route=%2Fwp%2Fv2%2Fcategories&post=73329"},{"taxonomy":"post_tag","embeddable":true,"href":"https:\/\/hablemosclarotdf.com.ar\/index.php?rest_route=%2Fwp%2Fv2%2Ftags&post=73329"}],"curies":[{"name":"wp","href":"https:\/\/api.w.org\/{rel}","templated":true}]}}