{"id":73300,"date":"2026-04-26T21:16:57","date_gmt":"2026-04-27T00:16:57","guid":{"rendered":"https:\/\/hablemosclarotdf.com.ar\/?p=73300"},"modified":"2026-04-26T21:16:57","modified_gmt":"2026-04-27T00:16:57","slug":"se-realizo-la-primera-comision-consultiva-del-ano-de-peninsula-mitre","status":"publish","type":"post","link":"https:\/\/hablemosclarotdf.com.ar\/?p=73300","title":{"rendered":"SE REALIZ\u00d3 LA PRIMERA COMISI\u00d3N CONSULTIVA DEL A\u00d1O DE PEN\u00cdNSULA MITRE"},"content":{"rendered":"<p>En cumplimiento de la Ley Provincial N.\u00ba 1461, se llev\u00f3 adelante la primera reuni\u00f3n del a\u00f1o de la Comisi\u00f3n Consultiva de Participaci\u00f3n para la Gesti\u00f3n del \u00c1rea Natural Protegida Pen\u00ednsula Mitre, un espacio clave para el intercambio institucional y el monitoreo del avance del Plan de Manejo y Gesti\u00f3n del \u00c1rea.<\/p>\n<p>Durante la jornada se abordaron distintos aspectos vinculados al trabajo en curso del \u00c1rea Protegida, incluyendo el estado de avance de las herramientas metodol\u00f3gicas y el cumplimiento de los plazos establecidos. Asimismo, se compartieron los resultados del Registro de Visitantes, que permite no solo relevar a quienes acceden al \u00c1rea, sino tambi\u00e9n fortalecer la prevenci\u00f3n ante los riesgos propios de este entorno.<\/p>\n<p>En ese marco, se compartieron avances del proceso participativo de elaboraci\u00f3n del Plan de Manejo y Gesti\u00f3n, incluyendo la incorporaci\u00f3n de consultores locales y el desarrollo de herramientas que permitir\u00e1n evaluar y dar seguimiento a las acciones previstas.<\/p>\n<p>Por otra parte, se trataron temas vinculados al uso p\u00fablico del \u00c1rea, destacando la importancia del registro obligatorio para mejorar la trazabilidad de los visitantes y prevenir situaciones que puedan derivar en operativos de rescate, en una zona caracterizada por su complejidad.<\/p>\n<p>Participaron de la reuni\u00f3n representantes de la UNTDF, UTN y CADIC-CONICET, junto a instituciones como el INFUETUR y la C\u00e1mara de Turismo de Tierra del Fuego, adem\u00e1s de la Secretar\u00eda de Ambiente del Ministerio de Producci\u00f3n y Ambiente, autoridad de aplicaci\u00f3n del \u00e1rea protegida. Tambi\u00e9n estuvieron presentes la Subsecretar\u00eda de Pueblos Originarios y Diversidades Culturales, Asociaci\u00f3n Mane\u2019kenk, la Asociaci\u00f3n de Gu\u00edas de Monta\u00f1a, la Asociaci\u00f3n Bah\u00eda Ensenada y la Asociaci\u00f3n de Conservaci\u00f3n Pen\u00ednsula Mitre.<\/p>\n<p>Se recuerda que desde el 15 de abril se encuentra cerrado el ingreso a Pen\u00ednsula Mitre debido a las condiciones propias de la temporada invernal. La medida busca resguardar la seguridad de las personas, dado que el \u00c1rea presenta caracter\u00edsticas de alta complejidad y acceso dificultoso durante esta \u00e9poca del a\u00f1o.<\/p>\n<p><img loading=\"lazy\" decoding=\"async\" class=\"alignnone size-medium wp-image-73302\" src=\"https:\/\/hablemosclarotdf.com.ar\/wp-content\/uploads\/2026\/04\/photo_2026-04-26_21-15-40-300x225.jpg\" alt=\"\" width=\"300\" height=\"225\" srcset=\"https:\/\/hablemosclarotdf.com.ar\/wp-content\/uploads\/2026\/04\/photo_2026-04-26_21-15-40-300x225.jpg 300w, https:\/\/hablemosclarotdf.com.ar\/wp-content\/uploads\/2026\/04\/photo_2026-04-26_21-15-40-1024x768.jpg 1024w, https:\/\/hablemosclarotdf.com.ar\/wp-content\/uploads\/2026\/04\/photo_2026-04-26_21-15-40-768x576.jpg 768w, https:\/\/hablemosclarotdf.com.ar\/wp-content\/uploads\/2026\/04\/photo_2026-04-26_21-15-40.jpg 1280w\" sizes=\"auto, (max-width: 300px) 100vw, 300px\" \/> <img loading=\"lazy\" decoding=\"async\" class=\"alignnone size-medium wp-image-73303\" src=\"https:\/\/hablemosclarotdf.com.ar\/wp-content\/uploads\/2026\/04\/photo_2026-04-26_21-15-44-300x225.jpg\" alt=\"\" width=\"300\" height=\"225\" srcset=\"https:\/\/hablemosclarotdf.com.ar\/wp-content\/uploads\/2026\/04\/photo_2026-04-26_21-15-44-300x225.jpg 300w, https:\/\/hablemosclarotdf.com.ar\/wp-content\/uploads\/2026\/04\/photo_2026-04-26_21-15-44-1024x768.jpg 1024w, https:\/\/hablemosclarotdf.com.ar\/wp-content\/uploads\/2026\/04\/photo_2026-04-26_21-15-44-768x576.jpg 768w, https:\/\/hablemosclarotdf.com.ar\/wp-content\/uploads\/2026\/04\/photo_2026-04-26_21-15-44.jpg 1280w\" sizes=\"auto, (max-width: 300px) 100vw, 300px\" \/> <img loading=\"lazy\" decoding=\"async\" class=\"alignnone size-medium wp-image-73304\" src=\"https:\/\/hablemosclarotdf.com.ar\/wp-content\/uploads\/2026\/04\/photo_2026-04-26_21-15-49-300x225.jpg\" alt=\"\" width=\"300\" height=\"225\" srcset=\"https:\/\/hablemosclarotdf.com.ar\/wp-content\/uploads\/2026\/04\/photo_2026-04-26_21-15-49-300x225.jpg 300w, https:\/\/hablemosclarotdf.com.ar\/wp-content\/uploads\/2026\/04\/photo_2026-04-26_21-15-49-1024x768.jpg 1024w, https:\/\/hablemosclarotdf.com.ar\/wp-content\/uploads\/2026\/04\/photo_2026-04-26_21-15-49-768x576.jpg 768w, https:\/\/hablemosclarotdf.com.ar\/wp-content\/uploads\/2026\/04\/photo_2026-04-26_21-15-49.jpg 1280w\" sizes=\"auto, (max-width: 300px) 100vw, 300px\" \/><\/p>\n","protected":false},"excerpt":{"rendered":"<p>En cumplimiento de la Ley Provincial N.\u00ba 1461, se llev\u00f3 adelante la primera reuni\u00f3n del&#8230;<\/p>\n","protected":false},"author":1,"featured_media":73301,"comment_status":"closed","ping_status":"closed","sticky":false,"template":"","format":"standard","meta":{"footnotes":""},"categories":[3],"tags":[],"class_list":["post-73300","post","type-post","status-publish","format-standard","has-post-thumbnail","hentry","category-noticias"],"jetpack_featured_media_url":"https:\/\/hablemosclarotdf.com.ar\/wp-content\/uploads\/2026\/04\/photo_2026-04-26_21-15-34.jpg","_links":{"self":[{"href":"https:\/\/hablemosclarotdf.com.ar\/index.php?rest_route=\/wp\/v2\/posts\/73300","targetHints":{"allow":["GET"]}}],"collection":[{"href":"https:\/\/hablemosclarotdf.com.ar\/index.php?rest_route=\/wp\/v2\/posts"}],"about":[{"href":"https:\/\/hablemosclarotdf.com.ar\/index.php?rest_route=\/wp\/v2\/types\/post"}],"author":[{"embeddable":true,"href":"https:\/\/hablemosclarotdf.com.ar\/index.php?rest_route=\/wp\/v2\/users\/1"}],"replies":[{"embeddable":true,"href":"https:\/\/hablemosclarotdf.com.ar\/index.php?rest_route=%2Fwp%2Fv2%2Fcomments&post=73300"}],"version-history":[{"count":1,"href":"https:\/\/hablemosclarotdf.com.ar\/index.php?rest_route=\/wp\/v2\/posts\/73300\/revisions"}],"predecessor-version":[{"id":73305,"href":"https:\/\/hablemosclarotdf.com.ar\/index.php?rest_route=\/wp\/v2\/posts\/73300\/revisions\/73305"}],"wp:featuredmedia":[{"embeddable":true,"href":"https:\/\/hablemosclarotdf.com.ar\/index.php?rest_route=\/wp\/v2\/media\/73301"}],"wp:attachment":[{"href":"https:\/\/hablemosclarotdf.com.ar\/index.php?rest_route=%2Fwp%2Fv2%2Fmedia&parent=73300"}],"wp:term":[{"taxonomy":"category","embeddable":true,"href":"https:\/\/hablemosclarotdf.com.ar\/index.php?rest_route=%2Fwp%2Fv2%2Fcategories&post=73300"},{"taxonomy":"post_tag","embeddable":true,"href":"https:\/\/hablemosclarotdf.com.ar\/index.php?rest_route=%2Fwp%2Fv2%2Ftags&post=73300"}],"curies":[{"name":"wp","href":"https:\/\/api.w.org\/{rel}","templated":true}]}}