{"id":73294,"date":"2026-04-26T16:35:15","date_gmt":"2026-04-26T19:35:15","guid":{"rendered":"https:\/\/hablemosclarotdf.com.ar\/?p=73294"},"modified":"2026-04-26T16:35:15","modified_gmt":"2026-04-26T19:35:15","slug":"c-d-tolhuin-el-concejo-detecta-graves-irregularidades-en-los-balances-municipales-y-exige-explicaciones-urgentes","status":"publish","type":"post","link":"https:\/\/hablemosclarotdf.com.ar\/?p=73294","title":{"rendered":"C.D TOLHUIN : El Concejo detecta graves irregularidades en los balances municipales y exige explicaciones urgentes"},"content":{"rendered":"<p>En el marco de la segunda Sesi\u00f3n Ordinaria celebrada este pasado viernes 24, el Concejo Deliberante de Tolhuin aprob\u00f3 por unanimidad un pedido de informes al Departamento Ejecutivo Municipal ante serias inconsistencias detectadas en la presentaci\u00f3n de los balances de Tesorer\u00eda.<\/p>\n<p>El proyecto fue impulsado por los concejales Matias Rodriguez Ojeday Rosana Taberna del Bloque PJ, Concejal Marcelo Mu\u00f1oz Fern\u00e1ndez y Jeannette Alderete del Bloque Sol de Mayo y acompa\u00f1ado en la votaci\u00f3n por la totalidad de los concejales presentes, incluida Florencia Auat del Bloque FORJA.<\/p>\n<p>La iniciativa expone que la informaci\u00f3n remitida por el Ejecutivo no cumple con los requisitos b\u00e1sicos establecidos por la normativa vigente, careciendo de datos esenciales como saldos iniciales y finales, detalle de cuentas y documentaci\u00f3n respaldatoria.<\/p>\n<p>En t\u00e9rminos concretos: con la informaci\u00f3n presentada hasta el momento, no es posible verificar con precisi\u00f3n el estado real de las cuentas municipales.<\/p>\n<p>Adem\u00e1s, se advierte que estas falencias impiden al Concejo cumplir con su funci\u00f3n de control, lo que representa un incumplimiento de las obligaciones administrativas y contables por parte del Ejecutivo.<\/p>\n<p>Frente a esta situaci\u00f3n, el Cuerpo resolvi\u00f3 exigir la entrega de informaci\u00f3n detallada en un plazo de 96 horas, as\u00ed como la remisi\u00f3n completa de la documentaci\u00f3n correspondiente al per\u00edodo enero\u2013marzo 2026 dentro de los 10 d\u00edas h\u00e1biles.<\/p>\n<p>Desde el Concejo remarcaron que no se trata de una cuesti\u00f3n formal, sino de garantizar informaci\u00f3n verificable y control efectivo sobre el uso de los recursos p\u00fablicos, lo cual actualmente no puede acreditarse.<\/p>\n<p><img loading=\"lazy\" decoding=\"async\" class=\"alignnone size-medium wp-image-73296\" src=\"https:\/\/hablemosclarotdf.com.ar\/wp-content\/uploads\/2026\/04\/photo_2026-04-26_16-34-05-300x169.jpg\" alt=\"\" width=\"300\" height=\"169\" srcset=\"https:\/\/hablemosclarotdf.com.ar\/wp-content\/uploads\/2026\/04\/photo_2026-04-26_16-34-05-300x169.jpg 300w, https:\/\/hablemosclarotdf.com.ar\/wp-content\/uploads\/2026\/04\/photo_2026-04-26_16-34-05-1024x576.jpg 1024w, https:\/\/hablemosclarotdf.com.ar\/wp-content\/uploads\/2026\/04\/photo_2026-04-26_16-34-05-768x432.jpg 768w, https:\/\/hablemosclarotdf.com.ar\/wp-content\/uploads\/2026\/04\/photo_2026-04-26_16-34-05.jpg 1280w\" sizes=\"auto, (max-width: 300px) 100vw, 300px\" \/> <img loading=\"lazy\" decoding=\"async\" class=\"alignnone size-medium wp-image-73297\" src=\"https:\/\/hablemosclarotdf.com.ar\/wp-content\/uploads\/2026\/04\/photo_2026-04-26_16-34-10-300x210.jpg\" alt=\"\" width=\"300\" height=\"210\" srcset=\"https:\/\/hablemosclarotdf.com.ar\/wp-content\/uploads\/2026\/04\/photo_2026-04-26_16-34-10-300x210.jpg 300w, https:\/\/hablemosclarotdf.com.ar\/wp-content\/uploads\/2026\/04\/photo_2026-04-26_16-34-10-1024x718.jpg 1024w, https:\/\/hablemosclarotdf.com.ar\/wp-content\/uploads\/2026\/04\/photo_2026-04-26_16-34-10-768x538.jpg 768w, https:\/\/hablemosclarotdf.com.ar\/wp-content\/uploads\/2026\/04\/photo_2026-04-26_16-34-10.jpg 1280w\" sizes=\"auto, (max-width: 300px) 100vw, 300px\" \/> <img loading=\"lazy\" decoding=\"async\" class=\"alignnone size-medium wp-image-73298\" src=\"https:\/\/hablemosclarotdf.com.ar\/wp-content\/uploads\/2026\/04\/photo_2026-04-26_16-34-16-300x193.jpg\" alt=\"\" width=\"300\" height=\"193\" srcset=\"https:\/\/hablemosclarotdf.com.ar\/wp-content\/uploads\/2026\/04\/photo_2026-04-26_16-34-16-300x193.jpg 300w, https:\/\/hablemosclarotdf.com.ar\/wp-content\/uploads\/2026\/04\/photo_2026-04-26_16-34-16-1024x660.jpg 1024w, https:\/\/hablemosclarotdf.com.ar\/wp-content\/uploads\/2026\/04\/photo_2026-04-26_16-34-16-768x495.jpg 768w, https:\/\/hablemosclarotdf.com.ar\/wp-content\/uploads\/2026\/04\/photo_2026-04-26_16-34-16-1115x715.jpg 1115w, https:\/\/hablemosclarotdf.com.ar\/wp-content\/uploads\/2026\/04\/photo_2026-04-26_16-34-16.jpg 1280w\" sizes=\"auto, (max-width: 300px) 100vw, 300px\" \/><\/p>\n","protected":false},"excerpt":{"rendered":"<p>En el marco de la segunda Sesi\u00f3n Ordinaria celebrada este pasado viernes 24, el Concejo&#8230;<\/p>\n","protected":false},"author":1,"featured_media":73295,"comment_status":"closed","ping_status":"closed","sticky":false,"template":"","format":"standard","meta":{"footnotes":""},"categories":[3],"tags":[],"class_list":["post-73294","post","type-post","status-publish","format-standard","has-post-thumbnail","hentry","category-noticias"],"jetpack_featured_media_url":"https:\/\/hablemosclarotdf.com.ar\/wp-content\/uploads\/2026\/04\/photo_2026-04-26_16-34-00.jpg","_links":{"self":[{"href":"https:\/\/hablemosclarotdf.com.ar\/index.php?rest_route=\/wp\/v2\/posts\/73294","targetHints":{"allow":["GET"]}}],"collection":[{"href":"https:\/\/hablemosclarotdf.com.ar\/index.php?rest_route=\/wp\/v2\/posts"}],"about":[{"href":"https:\/\/hablemosclarotdf.com.ar\/index.php?rest_route=\/wp\/v2\/types\/post"}],"author":[{"embeddable":true,"href":"https:\/\/hablemosclarotdf.com.ar\/index.php?rest_route=\/wp\/v2\/users\/1"}],"replies":[{"embeddable":true,"href":"https:\/\/hablemosclarotdf.com.ar\/index.php?rest_route=%2Fwp%2Fv2%2Fcomments&post=73294"}],"version-history":[{"count":1,"href":"https:\/\/hablemosclarotdf.com.ar\/index.php?rest_route=\/wp\/v2\/posts\/73294\/revisions"}],"predecessor-version":[{"id":73299,"href":"https:\/\/hablemosclarotdf.com.ar\/index.php?rest_route=\/wp\/v2\/posts\/73294\/revisions\/73299"}],"wp:featuredmedia":[{"embeddable":true,"href":"https:\/\/hablemosclarotdf.com.ar\/index.php?rest_route=\/wp\/v2\/media\/73295"}],"wp:attachment":[{"href":"https:\/\/hablemosclarotdf.com.ar\/index.php?rest_route=%2Fwp%2Fv2%2Fmedia&parent=73294"}],"wp:term":[{"taxonomy":"category","embeddable":true,"href":"https:\/\/hablemosclarotdf.com.ar\/index.php?rest_route=%2Fwp%2Fv2%2Fcategories&post=73294"},{"taxonomy":"post_tag","embeddable":true,"href":"https:\/\/hablemosclarotdf.com.ar\/index.php?rest_route=%2Fwp%2Fv2%2Ftags&post=73294"}],"curies":[{"name":"wp","href":"https:\/\/api.w.org\/{rel}","templated":true}]}}