{"id":73284,"date":"2026-04-26T16:24:37","date_gmt":"2026-04-26T19:24:37","guid":{"rendered":"https:\/\/hablemosclarotdf.com.ar\/?p=73284"},"modified":"2026-04-26T16:24:37","modified_gmt":"2026-04-26T19:24:37","slug":"tierra-del-fuego-busca-fortalecer-politicas-de-igualdad-de-genero-a-nivel-federal","status":"publish","type":"post","link":"https:\/\/hablemosclarotdf.com.ar\/?p=73284","title":{"rendered":"TIERRA DEL FUEGO BUSCA FORTALECER POL\u00cdTICAS DE IGUALDAD DE G\u00c9NERO A NIVEL FEDERAL"},"content":{"rendered":"<p>La ministra de Bienestar Ciudadano y Justicia de la provincia, Luc\u00eda Rossi, particip\u00f3 en la Ciudad de Buenos Aires del primer encuentro presencial 2026 de la Red Federal de Mecanismos de Adelanto de las Mujeres (MAM), en representaci\u00f3n del Gobierno de Tierra del Fuego AeIAS.<\/p>\n<p>El encuentro reuni\u00f3 a referentes de distintas jurisdicciones del pa\u00eds con el objetivo de fortalecer la articulaci\u00f3n federal y consolidar pol\u00edticas p\u00fablicas que promuevan la igualdad de g\u00e9nero en todo el territorio argentino.<\/p>\n<p>La Red Federal de MAM, impulsada por el Fondo de Poblaci\u00f3n de las Naciones Unidas (UNFPA) y ONU Mujeres Argentina, se consolida como un soporte t\u00e9cnico clave para fortalecer la implementaci\u00f3n de pol\u00edticas p\u00fablicas con base en evidencia y con enfoque territorial. Asimismo, funciona como un puente entre la cooperaci\u00f3n internacional y las realidades locales, promoviendo el intercambio de buenas pr\u00e1cticas y el fortalecimiento de las capacidades de gesti\u00f3n en cada provincia.<\/p>\n<p>En este marco, se abordaron los desaf\u00edos actuales en relaci\u00f3n a la violencia contra mujeres y ni\u00f1as, una problem\u00e1tica estructural que persiste a pesar de los avances normativos y que requiere de pol\u00edticas p\u00fablicas sostenidas, con perspectiva de derechos y un fuerte anclaje territorial.<br \/>\nA su vez, desde Tierra del Fuego se destac\u00f3 la importancia del trabajo interministerial y el desarrollo de pol\u00edticas orientadas a fortalecer la autonom\u00eda de las mujeres, como ejes centrales para avanzar en una agenda de igualdad.<\/p>\n<p>Al respecto, Rossi expres\u00f3: \u201cel encuentro fue espacio clave para fortalecer la articulaci\u00f3n entre la cooperaci\u00f3n internacional y las pol\u00edticas p\u00fablicas que llevamos adelante en cada territorio.<br \/>\nFrente a una problem\u00e1tica estructural como la violencia hacia mujeres y ni\u00f1as, estos \u00e1mbitos de trabajo conjunto resultan fundamentales para intercambiar experiencias, consolidar herramientas y seguir garantizando derechos con una mirada federal.<\/p>\n<p>Me llevo mucho aprendizaje y el compromiso de continuar impulsando, desde Tierra del Fuego, pol\u00edticas que promuevan la igualdad y aborden las desigualdades hist\u00f3ricas con una perspectiva integral y sostenida en el tiempo\u201d, concluy\u00f3.<\/p>\n<p><img loading=\"lazy\" decoding=\"async\" class=\"alignnone size-medium wp-image-73286\" src=\"https:\/\/hablemosclarotdf.com.ar\/wp-content\/uploads\/2026\/04\/photo_2026-04-26_16-23-47-300x201.jpg\" alt=\"\" width=\"300\" height=\"201\" srcset=\"https:\/\/hablemosclarotdf.com.ar\/wp-content\/uploads\/2026\/04\/photo_2026-04-26_16-23-47-300x201.jpg 300w, https:\/\/hablemosclarotdf.com.ar\/wp-content\/uploads\/2026\/04\/photo_2026-04-26_16-23-47-1024x684.jpg 1024w, https:\/\/hablemosclarotdf.com.ar\/wp-content\/uploads\/2026\/04\/photo_2026-04-26_16-23-47-768x513.jpg 768w, https:\/\/hablemosclarotdf.com.ar\/wp-content\/uploads\/2026\/04\/photo_2026-04-26_16-23-47.jpg 1161w\" sizes=\"auto, (max-width: 300px) 100vw, 300px\" \/><\/p>\n","protected":false},"excerpt":{"rendered":"<p>La ministra de Bienestar Ciudadano y Justicia de la provincia, Luc\u00eda Rossi, particip\u00f3 en la&#8230;<\/p>\n","protected":false},"author":1,"featured_media":73285,"comment_status":"closed","ping_status":"closed","sticky":false,"template":"","format":"standard","meta":{"footnotes":""},"categories":[3],"tags":[],"class_list":["post-73284","post","type-post","status-publish","format-standard","has-post-thumbnail","hentry","category-noticias"],"jetpack_featured_media_url":"https:\/\/hablemosclarotdf.com.ar\/wp-content\/uploads\/2026\/04\/photo_2026-04-26_16-23-39.jpg","_links":{"self":[{"href":"https:\/\/hablemosclarotdf.com.ar\/index.php?rest_route=\/wp\/v2\/posts\/73284","targetHints":{"allow":["GET"]}}],"collection":[{"href":"https:\/\/hablemosclarotdf.com.ar\/index.php?rest_route=\/wp\/v2\/posts"}],"about":[{"href":"https:\/\/hablemosclarotdf.com.ar\/index.php?rest_route=\/wp\/v2\/types\/post"}],"author":[{"embeddable":true,"href":"https:\/\/hablemosclarotdf.com.ar\/index.php?rest_route=\/wp\/v2\/users\/1"}],"replies":[{"embeddable":true,"href":"https:\/\/hablemosclarotdf.com.ar\/index.php?rest_route=%2Fwp%2Fv2%2Fcomments&post=73284"}],"version-history":[{"count":1,"href":"https:\/\/hablemosclarotdf.com.ar\/index.php?rest_route=\/wp\/v2\/posts\/73284\/revisions"}],"predecessor-version":[{"id":73287,"href":"https:\/\/hablemosclarotdf.com.ar\/index.php?rest_route=\/wp\/v2\/posts\/73284\/revisions\/73287"}],"wp:featuredmedia":[{"embeddable":true,"href":"https:\/\/hablemosclarotdf.com.ar\/index.php?rest_route=\/wp\/v2\/media\/73285"}],"wp:attachment":[{"href":"https:\/\/hablemosclarotdf.com.ar\/index.php?rest_route=%2Fwp%2Fv2%2Fmedia&parent=73284"}],"wp:term":[{"taxonomy":"category","embeddable":true,"href":"https:\/\/hablemosclarotdf.com.ar\/index.php?rest_route=%2Fwp%2Fv2%2Fcategories&post=73284"},{"taxonomy":"post_tag","embeddable":true,"href":"https:\/\/hablemosclarotdf.com.ar\/index.php?rest_route=%2Fwp%2Fv2%2Ftags&post=73284"}],"curies":[{"name":"wp","href":"https:\/\/api.w.org\/{rel}","templated":true}]}}