{"id":73268,"date":"2026-04-26T11:57:03","date_gmt":"2026-04-26T14:57:03","guid":{"rendered":"https:\/\/hablemosclarotdf.com.ar\/?p=73268"},"modified":"2026-04-26T11:57:03","modified_gmt":"2026-04-26T14:57:03","slug":"avanza-la-obra-de-calefaccion-en-el-jardin-n27-ya-se-renovo-el-sistema-y-resta-la-habilitacion-final","status":"publish","type":"post","link":"https:\/\/hablemosclarotdf.com.ar\/?p=73268","title":{"rendered":"AVANZA LA OBRA DE CALEFACCI\u00d3N EN EL JARD\u00cdN N\u00b027: YA SE RENOV\u00d3 EL SISTEMA Y RESTA LA HABILITACI\u00d3N FINAL"},"content":{"rendered":"<p>La obra de reacondicionamiento y mantenimiento del sistema de calefacci\u00f3n en el Jard\u00edn de Infantes 27 \u201cBotecito de Papel\u201d, de la ciudad de R\u00edo Grande, presenta un importante nivel de avance y entra en su etapa final, con trabajos clave ya ejecutados y algunas tareas pendientes para su finalizaci\u00f3n definitiva.<\/p>\n<p>El proyecto tiene como objetivo principal garantizar condiciones t\u00e9rmicas adecuadas para la comunidad educativa, mejorar la seguridad edilicia y adecuar todas las instalaciones a las normativas vigentes de Camuzzi Gas del Sur.<\/p>\n<p>Entre las intervenciones m\u00e1s relevantes ya concretadas, se destaca el recambio completo del sistema de calefacci\u00f3n. La antigua caldera fue retirada y reemplazada por un nuevo equipo PEISA modelo XP-80, de mayor eficiencia. Adem\u00e1s, se realizaron adecuaciones en las ca\u00f1er\u00edas de gas y en la alimentaci\u00f3n de agua para optimizar el funcionamiento del nuevo sistema.<\/p>\n<p>Tambi\u00e9n se avanz\u00f3 en la instalaci\u00f3n de la salida de gases, la colocaci\u00f3n de rejillas de ventilaci\u00f3n reglamentarias y el armado de nuevos colectores que permiten una mejor distribuci\u00f3n del calor hacia los distintos sectores del edificio.<\/p>\n<p>A esto se suma la instalaci\u00f3n de termostatos digitales programables en aulas y espacios comunes, lo que permitir\u00e1 un control m\u00e1s preciso de la temperatura.<\/p>\n<p>Como parte del proceso, se llevaron adelante pruebas de hermeticidad y verificaci\u00f3n de conexiones, garantizando condiciones seguras de funcionamiento.<\/p>\n<p>No obstante, la obra a\u00fan no est\u00e1 finalizada. Entre los puntos pendientes, se encuentra la aprobaci\u00f3n de los planos y la inspecci\u00f3n final por parte de la Distribuidora Camuzzi Gas del Sur S.A., tr\u00e1mite que ser\u00e1 gestionado esta semana venidera por el profesional matriculado a cargo.<\/p>\n<p>En paralelo, resta completar la adecuaci\u00f3n del sistema el\u00e9ctrico en la sala de m\u00e1quinas, tarea que si bien ya tuvo avances, requiere una reconfiguraci\u00f3n total del cableado para cumplir con la normativa vigente.<\/p>\n<p>Otro aspecto relevante detectado durante la ejecuci\u00f3n de los trabajos es el estado de los fancoils,por lo cual se gestion\u00f3 la provisi\u00f3n de dos nuevos equipos por parte del Ministerio de Educaci\u00f3n y la reparaci\u00f3n del de mayor capacidad, lo que permitir\u00e1 mejorar el rendimiento general del sistema.<\/p>\n<p>Finalmente, las tareas de pintura en la sala de m\u00e1quinas y la limpieza integral del espacio forman parte de la etapa de cierre, que se llevar\u00e1 adelante una vez obtenida la habilitaci\u00f3n del servicio de gas.<\/p>\n<p>Con un avance significativo y a la espera de las \u00faltimas intervenciones, la obra se encamina a su finalizaci\u00f3n, con el objetivo de asegurar un entorno m\u00e1s seguro y confortable para alumnos, docentes y personal del establecimiento.<\/p>\n<p><img loading=\"lazy\" decoding=\"async\" class=\"alignnone size-medium wp-image-73270\" src=\"https:\/\/hablemosclarotdf.com.ar\/wp-content\/uploads\/2026\/04\/photo_2026-04-26_11-55-20-300x300.jpg\" alt=\"\" width=\"300\" height=\"300\" srcset=\"https:\/\/hablemosclarotdf.com.ar\/wp-content\/uploads\/2026\/04\/photo_2026-04-26_11-55-20-300x300.jpg 300w, https:\/\/hablemosclarotdf.com.ar\/wp-content\/uploads\/2026\/04\/photo_2026-04-26_11-55-20-150x150.jpg 150w, https:\/\/hablemosclarotdf.com.ar\/wp-content\/uploads\/2026\/04\/photo_2026-04-26_11-55-20-768x765.jpg 768w, https:\/\/hablemosclarotdf.com.ar\/wp-content\/uploads\/2026\/04\/photo_2026-04-26_11-55-20.jpg 910w\" sizes=\"auto, (max-width: 300px) 100vw, 300px\" \/><\/p>\n<p>&nbsp;<\/p>\n<p><img loading=\"lazy\" decoding=\"async\" class=\"alignnone size-medium wp-image-73271\" src=\"https:\/\/hablemosclarotdf.com.ar\/wp-content\/uploads\/2026\/04\/photo_2026-04-26_11-55-32-300x197.jpg\" alt=\"\" width=\"300\" height=\"197\" srcset=\"https:\/\/hablemosclarotdf.com.ar\/wp-content\/uploads\/2026\/04\/photo_2026-04-26_11-55-32-300x197.jpg 300w, https:\/\/hablemosclarotdf.com.ar\/wp-content\/uploads\/2026\/04\/photo_2026-04-26_11-55-32-1024x674.jpg 1024w, https:\/\/hablemosclarotdf.com.ar\/wp-content\/uploads\/2026\/04\/photo_2026-04-26_11-55-32-768x505.jpg 768w, https:\/\/hablemosclarotdf.com.ar\/wp-content\/uploads\/2026\/04\/photo_2026-04-26_11-55-32.jpg 1280w\" sizes=\"auto, (max-width: 300px) 100vw, 300px\" \/><\/p>\n","protected":false},"excerpt":{"rendered":"<p>La obra de reacondicionamiento y mantenimiento del sistema de calefacci\u00f3n en el Jard\u00edn de Infantes&#8230;<\/p>\n","protected":false},"author":1,"featured_media":73269,"comment_status":"closed","ping_status":"closed","sticky":false,"template":"","format":"standard","meta":{"footnotes":""},"categories":[3],"tags":[],"class_list":["post-73268","post","type-post","status-publish","format-standard","has-post-thumbnail","hentry","category-noticias"],"jetpack_featured_media_url":"https:\/\/hablemosclarotdf.com.ar\/wp-content\/uploads\/2026\/04\/photo_2026-04-26_11-55-16.jpg","_links":{"self":[{"href":"https:\/\/hablemosclarotdf.com.ar\/index.php?rest_route=\/wp\/v2\/posts\/73268","targetHints":{"allow":["GET"]}}],"collection":[{"href":"https:\/\/hablemosclarotdf.com.ar\/index.php?rest_route=\/wp\/v2\/posts"}],"about":[{"href":"https:\/\/hablemosclarotdf.com.ar\/index.php?rest_route=\/wp\/v2\/types\/post"}],"author":[{"embeddable":true,"href":"https:\/\/hablemosclarotdf.com.ar\/index.php?rest_route=\/wp\/v2\/users\/1"}],"replies":[{"embeddable":true,"href":"https:\/\/hablemosclarotdf.com.ar\/index.php?rest_route=%2Fwp%2Fv2%2Fcomments&post=73268"}],"version-history":[{"count":1,"href":"https:\/\/hablemosclarotdf.com.ar\/index.php?rest_route=\/wp\/v2\/posts\/73268\/revisions"}],"predecessor-version":[{"id":73272,"href":"https:\/\/hablemosclarotdf.com.ar\/index.php?rest_route=\/wp\/v2\/posts\/73268\/revisions\/73272"}],"wp:featuredmedia":[{"embeddable":true,"href":"https:\/\/hablemosclarotdf.com.ar\/index.php?rest_route=\/wp\/v2\/media\/73269"}],"wp:attachment":[{"href":"https:\/\/hablemosclarotdf.com.ar\/index.php?rest_route=%2Fwp%2Fv2%2Fmedia&parent=73268"}],"wp:term":[{"taxonomy":"category","embeddable":true,"href":"https:\/\/hablemosclarotdf.com.ar\/index.php?rest_route=%2Fwp%2Fv2%2Fcategories&post=73268"},{"taxonomy":"post_tag","embeddable":true,"href":"https:\/\/hablemosclarotdf.com.ar\/index.php?rest_route=%2Fwp%2Fv2%2Ftags&post=73268"}],"curies":[{"name":"wp","href":"https:\/\/api.w.org\/{rel}","templated":true}]}}