{"id":70879,"date":"2026-03-31T18:59:39","date_gmt":"2026-03-31T21:59:39","guid":{"rendered":"https:\/\/hablemosclarotdf.com.ar\/?p=70879"},"modified":"2026-03-31T18:59:39","modified_gmt":"2026-03-31T21:59:39","slug":"ushuaia-la-municipalidad-presenta-la-muestra-malvinas-el-cielo-es-de-los-halcones-en-la-antigua-casa-beban","status":"publish","type":"post","link":"https:\/\/hablemosclarotdf.com.ar\/?p=70879","title":{"rendered":"USHUAIA : LA MUNICIPALIDAD  PRESENTA LA MUESTRA \u201cMALVINAS, EL CIELO ES DE LOS HALCONES\u201d EN LA ANTIGUA CASA BEBAN"},"content":{"rendered":"<p>La exhibici\u00f3n basada en el libro hom\u00f3nimo podr\u00e1 ser visitada hasta el 22 de abril_<\/p>\n<p>La Secretar\u00eda de Pol\u00edticas Ambientales, Culturales y Educativas de la Municipalidad de Ushuaia, en el marco del 44\u00b0 Aniversario del D\u00eda del Veterano y de los Ca\u00eddos en la Guerra de Malvinas, presentar\u00e1 en la Antigua Casa Beban la muestra \u201cMalvinas, el cielo es de los halcones\u201d.<\/p>\n<p>Dicha propuesta, que es basada en el libro hom\u00f3nimo de los autores Walther Taborda y Nestor Barron, podr\u00e1 ser visitada desde el 6 de abril hasta el 22 del mismo mes de lunes a viernes de 10:00 a 18:00 horas, y recorre las hist\u00f3ricas de los j\u00f3venes pilotos argentinos que sobrevivieron a la guerra del Atl\u00e1ntico, recordando el sacrificio de los ca\u00eddos.<\/p>\n<p>David Ferreyra, secretario de Pol\u00edticas Ambientales, Culturales y Educativas, detall\u00f3 que \u201cnos llena de orgullo acompa\u00f1ar esta exhibici\u00f3n, que recuerda el invaluable sacrificio de nuestras y nuestros veteranos, relatando los periplos que transitaban los pilotos argentinos en el teatro de operaciones\u201d.<\/p>\n<p>\u201cDesde la gesti\u00f3n del intendente Walter Vuoto, tenemos la firme convicci\u00f3n de seguir impulsando estos espacios de memoria y visibilizaci\u00f3n sobre nuestras y nuestros veteranos, manteniendo m\u00e1s vivo que nunca el esp\u00edritu malvinero\u201d concluy\u00f3 el funcionario.<\/p>\n<p>Para conocer m\u00e1s sobre la muestra \u201cMalvinas, el cielo es de los halcones\u201d, las y los interesados podr\u00e1n visitar las redes sociales de la Secretar\u00eda de Pol\u00edticas Ambientales, Culturales y Educativas en @AmbienteCulturaEducacion.Ush .<\/p>\n","protected":false},"excerpt":{"rendered":"<p>La exhibici\u00f3n basada en el libro hom\u00f3nimo podr\u00e1 ser visitada hasta el 22 de abril_&#8230;<\/p>\n","protected":false},"author":1,"featured_media":70880,"comment_status":"closed","ping_status":"closed","sticky":false,"template":"","format":"standard","meta":{"footnotes":""},"categories":[3],"tags":[],"class_list":["post-70879","post","type-post","status-publish","format-standard","has-post-thumbnail","hentry","category-noticias"],"jetpack_featured_media_url":"https:\/\/hablemosclarotdf.com.ar\/wp-content\/uploads\/2026\/03\/photo_2026-03-31_18-59-09.jpg","_links":{"self":[{"href":"https:\/\/hablemosclarotdf.com.ar\/index.php?rest_route=\/wp\/v2\/posts\/70879","targetHints":{"allow":["GET"]}}],"collection":[{"href":"https:\/\/hablemosclarotdf.com.ar\/index.php?rest_route=\/wp\/v2\/posts"}],"about":[{"href":"https:\/\/hablemosclarotdf.com.ar\/index.php?rest_route=\/wp\/v2\/types\/post"}],"author":[{"embeddable":true,"href":"https:\/\/hablemosclarotdf.com.ar\/index.php?rest_route=\/wp\/v2\/users\/1"}],"replies":[{"embeddable":true,"href":"https:\/\/hablemosclarotdf.com.ar\/index.php?rest_route=%2Fwp%2Fv2%2Fcomments&post=70879"}],"version-history":[{"count":1,"href":"https:\/\/hablemosclarotdf.com.ar\/index.php?rest_route=\/wp\/v2\/posts\/70879\/revisions"}],"predecessor-version":[{"id":70881,"href":"https:\/\/hablemosclarotdf.com.ar\/index.php?rest_route=\/wp\/v2\/posts\/70879\/revisions\/70881"}],"wp:featuredmedia":[{"embeddable":true,"href":"https:\/\/hablemosclarotdf.com.ar\/index.php?rest_route=\/wp\/v2\/media\/70880"}],"wp:attachment":[{"href":"https:\/\/hablemosclarotdf.com.ar\/index.php?rest_route=%2Fwp%2Fv2%2Fmedia&parent=70879"}],"wp:term":[{"taxonomy":"category","embeddable":true,"href":"https:\/\/hablemosclarotdf.com.ar\/index.php?rest_route=%2Fwp%2Fv2%2Fcategories&post=70879"},{"taxonomy":"post_tag","embeddable":true,"href":"https:\/\/hablemosclarotdf.com.ar\/index.php?rest_route=%2Fwp%2Fv2%2Ftags&post=70879"}],"curies":[{"name":"wp","href":"https:\/\/api.w.org\/{rel}","templated":true}]}}