{"id":70858,"date":"2026-03-31T18:22:41","date_gmt":"2026-03-31T21:22:41","guid":{"rendered":"https:\/\/hablemosclarotdf.com.ar\/?p=70858"},"modified":"2026-03-31T18:22:41","modified_gmt":"2026-03-31T21:22:41","slug":"concentracion-provincial-de-newcom-en-tolhuin","status":"publish","type":"post","link":"https:\/\/hablemosclarotdf.com.ar\/?p=70858","title":{"rendered":"CONCENTRACI\u00d3N PROVINCIAL DE NEWCOM EN TOLHUIN"},"content":{"rendered":"<p>&nbsp;<\/p>\n<p>Se llev\u00f3 adelante en el Colegio Trejo Noel de Tolhuin la concentraci\u00f3n provincial de Newcom, con la participaci\u00f3n de deportistas provenientes de las tres ciudades de la provincia.<\/p>\n<p>La actividad cont\u00f3 con el aval de la Federaci\u00f3n Fueguina de V\u00f3ley y el acompa\u00f1amiento de la Secretar\u00eda de Deportes, con el objetivo de conformar los seleccionados de las categor\u00edas +40, +50, +60 y +68 en ambas ramas, que representar\u00e1n a Tierra del Fuego en futuras competencias nacionales.<\/p>\n<p>La referente de la Federaci\u00f3n del Voleibol Argentino, Dilia Ben\u00edtez, encabez\u00f3 la organizaci\u00f3n del encuentro y se refiri\u00f3 a los objetivos de la convocatoria:<\/p>\n<p>\u201cBuscamos que nuestros jugadores sean visibles a nivel nacional y demostrar que en nuestra provincia el Newcom contin\u00faa en crecimiento\u201d.<\/p>\n<p>Adem\u00e1s, destac\u00f3: \u201cSurgi\u00f3 la idea de conformar las distintas categor\u00edas para poder participar en los torneos argentinos organizados por FEVA. El primer compromiso ser\u00e1 en Comodoro Rivadavia los d\u00edas 7, 8 y 9 de mayo\u201d.<\/p>\n<p>En cuanto a la continuidad del proceso, se\u00f1al\u00f3 que esta fue la primera convocatoria y adelant\u00f3 que el pr\u00f3ximo 5 de abril se realizar\u00e1 un segundo encuentro, gracias a la gesti\u00f3n del director de Desarrollo Deportivo de Tolhuin, Pablo Pereira.<\/p>\n<p>Finalmente, Ben\u00edtez valor\u00f3 el acompa\u00f1amiento institucional: \u201cQueremos agradecer al Gobierno de la provincia, que a trav\u00e9s de Pablo nos brind\u00f3 este espacio en Tolhuin, un punto intermedio entre R\u00edo Grande y Ushuaia que facilita la participaci\u00f3n de todos\u201d.<br \/>\n[31\/3\/2026 5:32 p. m.] Fin del Mundo &#8211; Prensa y Difusi\u00f3n:<br \/>\n[31\/3\/2026 5:32 p. m.] Fin del Mundo &#8211; Prensa y Difusi\u00f3n:<br \/>\n[31\/3\/2026 5:32 p. m.] Fin del Mundo &#8211; Prensa y Difusi\u00f3n:<br \/>\n[31\/3\/2026 5:32 p. m.] Fin del Mundo &#8211; Prensa y Difusi\u00f3n:<br \/>\n[31\/3\/2026 5:32 p. m.] Fin del Mundo &#8211; Prensa y Difusi\u00f3n:<\/p>\n<p><img loading=\"lazy\" decoding=\"async\" class=\"alignnone size-medium wp-image-70860\" src=\"https:\/\/hablemosclarotdf.com.ar\/wp-content\/uploads\/2026\/03\/photo_2026-03-31_17-58-20-300x200.jpg\" alt=\"\" width=\"300\" height=\"200\" srcset=\"https:\/\/hablemosclarotdf.com.ar\/wp-content\/uploads\/2026\/03\/photo_2026-03-31_17-58-20-300x200.jpg 300w, https:\/\/hablemosclarotdf.com.ar\/wp-content\/uploads\/2026\/03\/photo_2026-03-31_17-58-20-1024x682.jpg 1024w, https:\/\/hablemosclarotdf.com.ar\/wp-content\/uploads\/2026\/03\/photo_2026-03-31_17-58-20-768x511.jpg 768w, https:\/\/hablemosclarotdf.com.ar\/wp-content\/uploads\/2026\/03\/photo_2026-03-31_17-58-20.jpg 1280w\" sizes=\"auto, (max-width: 300px) 100vw, 300px\" \/> <img loading=\"lazy\" decoding=\"async\" class=\"alignnone size-medium wp-image-70861\" src=\"https:\/\/hablemosclarotdf.com.ar\/wp-content\/uploads\/2026\/03\/photo_2026-03-31_17-58-25-300x200.jpg\" alt=\"\" width=\"300\" height=\"200\" srcset=\"https:\/\/hablemosclarotdf.com.ar\/wp-content\/uploads\/2026\/03\/photo_2026-03-31_17-58-25-300x200.jpg 300w, https:\/\/hablemosclarotdf.com.ar\/wp-content\/uploads\/2026\/03\/photo_2026-03-31_17-58-25-1024x682.jpg 1024w, https:\/\/hablemosclarotdf.com.ar\/wp-content\/uploads\/2026\/03\/photo_2026-03-31_17-58-25-768x511.jpg 768w, https:\/\/hablemosclarotdf.com.ar\/wp-content\/uploads\/2026\/03\/photo_2026-03-31_17-58-25.jpg 1280w\" sizes=\"auto, (max-width: 300px) 100vw, 300px\" \/> <img loading=\"lazy\" decoding=\"async\" class=\"alignnone size-medium wp-image-70862\" src=\"https:\/\/hablemosclarotdf.com.ar\/wp-content\/uploads\/2026\/03\/photo_2026-03-31_17-58-29-300x200.jpg\" alt=\"\" width=\"300\" height=\"200\" srcset=\"https:\/\/hablemosclarotdf.com.ar\/wp-content\/uploads\/2026\/03\/photo_2026-03-31_17-58-29-300x200.jpg 300w, https:\/\/hablemosclarotdf.com.ar\/wp-content\/uploads\/2026\/03\/photo_2026-03-31_17-58-29-1024x682.jpg 1024w, https:\/\/hablemosclarotdf.com.ar\/wp-content\/uploads\/2026\/03\/photo_2026-03-31_17-58-29-768x511.jpg 768w, https:\/\/hablemosclarotdf.com.ar\/wp-content\/uploads\/2026\/03\/photo_2026-03-31_17-58-29.jpg 1280w\" sizes=\"auto, (max-width: 300px) 100vw, 300px\" \/> <img loading=\"lazy\" decoding=\"async\" class=\"alignnone size-medium wp-image-70863\" src=\"https:\/\/hablemosclarotdf.com.ar\/wp-content\/uploads\/2026\/03\/photo_2026-03-31_17-59-29-300x200.jpg\" alt=\"\" width=\"300\" height=\"200\" srcset=\"https:\/\/hablemosclarotdf.com.ar\/wp-content\/uploads\/2026\/03\/photo_2026-03-31_17-59-29-300x200.jpg 300w, https:\/\/hablemosclarotdf.com.ar\/wp-content\/uploads\/2026\/03\/photo_2026-03-31_17-59-29-1024x682.jpg 1024w, https:\/\/hablemosclarotdf.com.ar\/wp-content\/uploads\/2026\/03\/photo_2026-03-31_17-59-29-768x511.jpg 768w, https:\/\/hablemosclarotdf.com.ar\/wp-content\/uploads\/2026\/03\/photo_2026-03-31_17-59-29.jpg 1280w\" sizes=\"auto, (max-width: 300px) 100vw, 300px\" \/> <img loading=\"lazy\" decoding=\"async\" class=\"alignnone size-medium wp-image-70864\" src=\"https:\/\/hablemosclarotdf.com.ar\/wp-content\/uploads\/2026\/03\/photo_2026-03-31_18-00-25-300x200.jpg\" alt=\"\" width=\"300\" height=\"200\" srcset=\"https:\/\/hablemosclarotdf.com.ar\/wp-content\/uploads\/2026\/03\/photo_2026-03-31_18-00-25-300x200.jpg 300w, https:\/\/hablemosclarotdf.com.ar\/wp-content\/uploads\/2026\/03\/photo_2026-03-31_18-00-25-1024x682.jpg 1024w, https:\/\/hablemosclarotdf.com.ar\/wp-content\/uploads\/2026\/03\/photo_2026-03-31_18-00-25-768x511.jpg 768w, https:\/\/hablemosclarotdf.com.ar\/wp-content\/uploads\/2026\/03\/photo_2026-03-31_18-00-25.jpg 1280w\" sizes=\"auto, (max-width: 300px) 100vw, 300px\" \/><\/p>\n","protected":false},"excerpt":{"rendered":"<p>&nbsp; Se llev\u00f3 adelante en el Colegio Trejo Noel de Tolhuin la concentraci\u00f3n provincial de&#8230;<\/p>\n","protected":false},"author":1,"featured_media":70859,"comment_status":"closed","ping_status":"closed","sticky":false,"template":"","format":"standard","meta":{"footnotes":""},"categories":[3],"tags":[],"class_list":["post-70858","post","type-post","status-publish","format-standard","has-post-thumbnail","hentry","category-noticias"],"jetpack_featured_media_url":"https:\/\/hablemosclarotdf.com.ar\/wp-content\/uploads\/2026\/03\/photo_2026-03-31_17-58-09.jpg","_links":{"self":[{"href":"https:\/\/hablemosclarotdf.com.ar\/index.php?rest_route=\/wp\/v2\/posts\/70858","targetHints":{"allow":["GET"]}}],"collection":[{"href":"https:\/\/hablemosclarotdf.com.ar\/index.php?rest_route=\/wp\/v2\/posts"}],"about":[{"href":"https:\/\/hablemosclarotdf.com.ar\/index.php?rest_route=\/wp\/v2\/types\/post"}],"author":[{"embeddable":true,"href":"https:\/\/hablemosclarotdf.com.ar\/index.php?rest_route=\/wp\/v2\/users\/1"}],"replies":[{"embeddable":true,"href":"https:\/\/hablemosclarotdf.com.ar\/index.php?rest_route=%2Fwp%2Fv2%2Fcomments&post=70858"}],"version-history":[{"count":1,"href":"https:\/\/hablemosclarotdf.com.ar\/index.php?rest_route=\/wp\/v2\/posts\/70858\/revisions"}],"predecessor-version":[{"id":70865,"href":"https:\/\/hablemosclarotdf.com.ar\/index.php?rest_route=\/wp\/v2\/posts\/70858\/revisions\/70865"}],"wp:featuredmedia":[{"embeddable":true,"href":"https:\/\/hablemosclarotdf.com.ar\/index.php?rest_route=\/wp\/v2\/media\/70859"}],"wp:attachment":[{"href":"https:\/\/hablemosclarotdf.com.ar\/index.php?rest_route=%2Fwp%2Fv2%2Fmedia&parent=70858"}],"wp:term":[{"taxonomy":"category","embeddable":true,"href":"https:\/\/hablemosclarotdf.com.ar\/index.php?rest_route=%2Fwp%2Fv2%2Fcategories&post=70858"},{"taxonomy":"post_tag","embeddable":true,"href":"https:\/\/hablemosclarotdf.com.ar\/index.php?rest_route=%2Fwp%2Fv2%2Ftags&post=70858"}],"curies":[{"name":"wp","href":"https:\/\/api.w.org\/{rel}","templated":true}]}}