{"id":70845,"date":"2026-03-31T17:50:33","date_gmt":"2026-03-31T20:50:33","guid":{"rendered":"https:\/\/hablemosclarotdf.com.ar\/?p=70845"},"modified":"2026-03-31T17:50:33","modified_gmt":"2026-03-31T20:50:33","slug":"paquete-de-leyes-el-registro-provincial-de-historia-laboral-hara-mucho-mas-eficiente-y-agil-el-tramite-de-acceso-a-la-jubilacion","status":"publish","type":"post","link":"https:\/\/hablemosclarotdf.com.ar\/?p=70845","title":{"rendered":"PAQUETE DE LEYES: \u201cEL  REGISTRO PROVINCIAL DE HISTORIA LABORAL HAR\u00c1 MUCHO M\u00c1S EFICIENTE Y \u00c1GIL EL TR\u00c1MITE DE ACCESO A LA JUBILACI\u00d3N\u201d"},"content":{"rendered":"<p>El presidente de la Caja de Previsi\u00f3n Social de Tierra del Fuego, Ant\u00e1rtida e Islas del Atl\u00e1ntico Sur, Roberto Bogar\u00edn, destac\u00f3 los alcances del proyecto de ley presentado por el Gobierno provincial en la Legislatura, orientado a transformar de manera profunda la gesti\u00f3n del sistema previsional y facilitar el acceso a los beneficios jubilatorios.<\/p>\n<p>Bogar\u00edn explic\u00f3 que la iniciativa propone la creaci\u00f3n de un Registro Provincial de Historia Laboral, una base de datos digital oficial que permitir\u00e1 concentrar y validar la informaci\u00f3n de los trabajadores del sector p\u00fablico. \u201cEste proyecto genera un cambio de paradigma en la administraci\u00f3n p\u00fablica, un antes y un despu\u00e9s en la forma en que gestionamos la informaci\u00f3n previsional\u201d, afirm\u00f3.<\/p>\n<p>\u201cNo hay cambios param\u00e9tricos, no se alteran las condiciones para jubilarse. Lo que cambia son las herramientas, para hacer m\u00e1s eficiente y m\u00e1s \u00e1gil todo el tr\u00e1mite\u201d, precis\u00f3.<\/p>\n<p>En ese sentido, explic\u00f3 que uno de los principales problemas actuales radica en la fragmentaci\u00f3n de la informaci\u00f3n, que obliga a los trabajadores a realizar m\u00faltiples gestiones para certificar servicios. Con la implementaci\u00f3n de este sistema, la propia Caja podr\u00e1 validar en forma directa los datos aportados por los distintos organismos del Estado. \u201cNosotros vamos a poder recopilar toda la informaci\u00f3n de los empleadores y validarla desde la Caja. Eso evita que la persona tenga que hacer todo el recorrido de certificaciones cada vez que inicia un tr\u00e1mite\u201d, indic\u00f3.<\/p>\n<p>Bogar\u00edn subray\u00f3 adem\u00e1s que \u201choy llegamos a un cuello de botella donde, por m\u00e1s que mejoremos procesos, hay cuestiones que no dependen de la Caja. Esta herramienta viene justamente a resolver ese problema. La idea es bajar los plazos de manera muy importante\u201d.<\/p>\n<p>Adem\u00e1s, el titular de la Caja destac\u00f3 que la digitalizaci\u00f3n de la historia laboral permitir\u00e1 determinar de manera autom\u00e1tica el haber jubilatorio. \u201cCon la carga de los \u00faltimos diez a\u00f1os, el sistema va a poder calcular el haber en forma autom\u00e1tica. Eso da mayor previsibilidad y transparencia para el trabajador\u201d, explic\u00f3, al tiempo que agreg\u00f3 que tambi\u00e9n impactar\u00e1 positivamente en los jubilados y pensionados actuales, al facilitar mecanismos m\u00e1s \u00e1giles de actualizaci\u00f3n de haberes.<\/p>\n<p>\u201cEl beneficiario es todo el sistema: los trabajadores activos, los jubilados, los pensionados, la Caja y el Estado provincial. Esto genera simplificaci\u00f3n, modernizaci\u00f3n y tambi\u00e9n econom\u00eda, porque hace m\u00e1s eficiente todo el proceso\u201d, remarc\u00f3.<\/p>\n<p>Frente a algunas dudas planteadas sobre el posible costo de implementaci\u00f3n, Bogar\u00edn fue categ\u00f3rico: \u201cSe dice que puede generar m\u00e1s gasto, pero es todo lo contrario. No implica una estructura mayor, sino un uso m\u00e1s inteligente de los recursos. Genera ahorro, eficiencia y mejores resultados\u201d.<\/p>\n","protected":false},"excerpt":{"rendered":"<p>El presidente de la Caja de Previsi\u00f3n Social de Tierra del Fuego, Ant\u00e1rtida e Islas&#8230;<\/p>\n","protected":false},"author":1,"featured_media":70846,"comment_status":"closed","ping_status":"closed","sticky":false,"template":"","format":"standard","meta":{"footnotes":""},"categories":[3],"tags":[],"class_list":["post-70845","post","type-post","status-publish","format-standard","has-post-thumbnail","hentry","category-noticias"],"jetpack_featured_media_url":"https:\/\/hablemosclarotdf.com.ar\/wp-content\/uploads\/2026\/03\/photo_2026-03-31_17-49-41.jpg","_links":{"self":[{"href":"https:\/\/hablemosclarotdf.com.ar\/index.php?rest_route=\/wp\/v2\/posts\/70845","targetHints":{"allow":["GET"]}}],"collection":[{"href":"https:\/\/hablemosclarotdf.com.ar\/index.php?rest_route=\/wp\/v2\/posts"}],"about":[{"href":"https:\/\/hablemosclarotdf.com.ar\/index.php?rest_route=\/wp\/v2\/types\/post"}],"author":[{"embeddable":true,"href":"https:\/\/hablemosclarotdf.com.ar\/index.php?rest_route=\/wp\/v2\/users\/1"}],"replies":[{"embeddable":true,"href":"https:\/\/hablemosclarotdf.com.ar\/index.php?rest_route=%2Fwp%2Fv2%2Fcomments&post=70845"}],"version-history":[{"count":1,"href":"https:\/\/hablemosclarotdf.com.ar\/index.php?rest_route=\/wp\/v2\/posts\/70845\/revisions"}],"predecessor-version":[{"id":70847,"href":"https:\/\/hablemosclarotdf.com.ar\/index.php?rest_route=\/wp\/v2\/posts\/70845\/revisions\/70847"}],"wp:featuredmedia":[{"embeddable":true,"href":"https:\/\/hablemosclarotdf.com.ar\/index.php?rest_route=\/wp\/v2\/media\/70846"}],"wp:attachment":[{"href":"https:\/\/hablemosclarotdf.com.ar\/index.php?rest_route=%2Fwp%2Fv2%2Fmedia&parent=70845"}],"wp:term":[{"taxonomy":"category","embeddable":true,"href":"https:\/\/hablemosclarotdf.com.ar\/index.php?rest_route=%2Fwp%2Fv2%2Fcategories&post=70845"},{"taxonomy":"post_tag","embeddable":true,"href":"https:\/\/hablemosclarotdf.com.ar\/index.php?rest_route=%2Fwp%2Fv2%2Ftags&post=70845"}],"curies":[{"name":"wp","href":"https:\/\/api.w.org\/{rel}","templated":true}]}}