{"id":70835,"date":"2026-03-31T17:43:12","date_gmt":"2026-03-31T20:43:12","guid":{"rendered":"https:\/\/hablemosclarotdf.com.ar\/?p=70835"},"modified":"2026-03-31T17:43:12","modified_gmt":"2026-03-31T20:43:12","slug":"emprender-para-crecer-una-nueva-edicion-para-potenciar-proyectos-fueguinos","status":"publish","type":"post","link":"https:\/\/hablemosclarotdf.com.ar\/?p=70835","title":{"rendered":"EMPRENDER PARA CRECER: UNA NUEVA EDICI\u00d3N PARA POTENCIAR PROYECTOS FUEGUINOS"},"content":{"rendered":"<p>El Ministerio de Producci\u00f3n y Ambiente, a trav\u00e9s de la Secretar\u00eda de Desarrollo Productivo y PyME, junto a Camuzzi Gas del Sur, anuncian el inicio de la sexta edici\u00f3n del programa \u201cEmprender para Crecer\u201d, que comenzar\u00e1 el pr\u00f3ximo 7 de abril.<\/p>\n<p>La iniciativa contin\u00faa consolid\u00e1ndose como un espacio de fortalecimiento para emprendedores y emprendedoras de toda la provincia. Desde su creaci\u00f3n, el programa ya acompa\u00f1\u00f3 a m\u00e1s de 150 emprendimientos fueguinos de las ciudades de Ushuaia, R\u00edo Grande y Tolhuin, promoviendo su desarrollo a trav\u00e9s de herramientas concretas.<\/p>\n<p>A lo largo de seis meses, los participantes acceden a instancias de formaci\u00f3n te\u00f3rica, espacios de intercambio y un componente clave para potenciar sus capacidades: mentor\u00edas personalizadas. El trayecto incluye m\u00f3dulos vinculados al desarrollo del negocio, dise\u00f1o de marca, an\u00e1lisis de mercado, costos y precios, organizaci\u00f3n de procesos y proyecci\u00f3n de ventas, entre otros contenidos fundamentales para la gesti\u00f3n emprendedora.<\/p>\n<p>En esta nueva edici\u00f3n, se consolida el trabajo conjunto con Nicol\u00e1s Agra, referente de SINOCAL, quien por segundo a\u00f1o consecutivo acompa\u00f1a el desarrollo del programa junto a Camuzzi y la Secretar\u00eda.<\/p>\n<p>\u201cEmprender para Crecer\u201d se ha posicionado como una pol\u00edtica p\u00fablica estrat\u00e9gica para impulsar el desarrollo productivo, promoviendo la profesionalizaci\u00f3n de emprendimientos en etapas iniciales y generando nuevas oportunidades econ\u00f3micas en toda la provincia.<\/p>\n<p>Las personas interesadas pueden inscribirse a trav\u00e9s del formulario online:<\/p>\n<p>https:\/\/forms.gle\/nTrbPBL1YZfxZw9s5<\/p>\n<p>hasta el mi\u00e9rcoles 1\u00b0 de abril, y deber\u00e1n aguardar la confirmaci\u00f3n de su cupo para participar a partir del 7 de abril.<\/p>\n<p><img loading=\"lazy\" decoding=\"async\" class=\"alignnone size-medium wp-image-70837\" src=\"https:\/\/hablemosclarotdf.com.ar\/wp-content\/uploads\/2026\/03\/photo_2026-03-31_17-40-21-300x200.jpg\" alt=\"\" width=\"300\" height=\"200\" srcset=\"https:\/\/hablemosclarotdf.com.ar\/wp-content\/uploads\/2026\/03\/photo_2026-03-31_17-40-21-300x200.jpg 300w, https:\/\/hablemosclarotdf.com.ar\/wp-content\/uploads\/2026\/03\/photo_2026-03-31_17-40-21-1024x684.jpg 1024w, https:\/\/hablemosclarotdf.com.ar\/wp-content\/uploads\/2026\/03\/photo_2026-03-31_17-40-21-768x513.jpg 768w, https:\/\/hablemosclarotdf.com.ar\/wp-content\/uploads\/2026\/03\/photo_2026-03-31_17-40-21.jpg 1280w\" sizes=\"auto, (max-width: 300px) 100vw, 300px\" \/> <img loading=\"lazy\" decoding=\"async\" class=\"alignnone size-medium wp-image-70838\" src=\"https:\/\/hablemosclarotdf.com.ar\/wp-content\/uploads\/2026\/03\/photo_2026-03-31_17-40-55-300x200.jpg\" alt=\"\" width=\"300\" height=\"200\" srcset=\"https:\/\/hablemosclarotdf.com.ar\/wp-content\/uploads\/2026\/03\/photo_2026-03-31_17-40-55-300x200.jpg 300w, https:\/\/hablemosclarotdf.com.ar\/wp-content\/uploads\/2026\/03\/photo_2026-03-31_17-40-55-1024x682.jpg 1024w, https:\/\/hablemosclarotdf.com.ar\/wp-content\/uploads\/2026\/03\/photo_2026-03-31_17-40-55-768x511.jpg 768w, https:\/\/hablemosclarotdf.com.ar\/wp-content\/uploads\/2026\/03\/photo_2026-03-31_17-40-55.jpg 1280w\" sizes=\"auto, (max-width: 300px) 100vw, 300px\" \/> <img loading=\"lazy\" decoding=\"async\" class=\"alignnone size-medium wp-image-70839\" src=\"https:\/\/hablemosclarotdf.com.ar\/wp-content\/uploads\/2026\/03\/photo_2026-03-31_17-40-40-300x200.jpg\" alt=\"\" width=\"300\" height=\"200\" srcset=\"https:\/\/hablemosclarotdf.com.ar\/wp-content\/uploads\/2026\/03\/photo_2026-03-31_17-40-40-300x200.jpg 300w, https:\/\/hablemosclarotdf.com.ar\/wp-content\/uploads\/2026\/03\/photo_2026-03-31_17-40-40-1024x682.jpg 1024w, https:\/\/hablemosclarotdf.com.ar\/wp-content\/uploads\/2026\/03\/photo_2026-03-31_17-40-40-768x511.jpg 768w, https:\/\/hablemosclarotdf.com.ar\/wp-content\/uploads\/2026\/03\/photo_2026-03-31_17-40-40.jpg 1280w\" sizes=\"auto, (max-width: 300px) 100vw, 300px\" \/> <img loading=\"lazy\" decoding=\"async\" class=\"alignnone size-medium wp-image-70840\" src=\"https:\/\/hablemosclarotdf.com.ar\/wp-content\/uploads\/2026\/03\/photo_2026-03-31_17-41-02-300x200.jpg\" alt=\"\" width=\"300\" height=\"200\" srcset=\"https:\/\/hablemosclarotdf.com.ar\/wp-content\/uploads\/2026\/03\/photo_2026-03-31_17-41-02-300x200.jpg 300w, https:\/\/hablemosclarotdf.com.ar\/wp-content\/uploads\/2026\/03\/photo_2026-03-31_17-41-02-1024x682.jpg 1024w, https:\/\/hablemosclarotdf.com.ar\/wp-content\/uploads\/2026\/03\/photo_2026-03-31_17-41-02-768x511.jpg 768w, https:\/\/hablemosclarotdf.com.ar\/wp-content\/uploads\/2026\/03\/photo_2026-03-31_17-41-02.jpg 1280w\" sizes=\"auto, (max-width: 300px) 100vw, 300px\" \/><\/p>\n","protected":false},"excerpt":{"rendered":"<p>El Ministerio de Producci\u00f3n y Ambiente, a trav\u00e9s de la Secretar\u00eda de Desarrollo Productivo y&#8230;<\/p>\n","protected":false},"author":1,"featured_media":70836,"comment_status":"closed","ping_status":"closed","sticky":false,"template":"","format":"standard","meta":{"footnotes":""},"categories":[3],"tags":[],"class_list":["post-70835","post","type-post","status-publish","format-standard","has-post-thumbnail","hentry","category-noticias"],"jetpack_featured_media_url":"https:\/\/hablemosclarotdf.com.ar\/wp-content\/uploads\/2026\/03\/photo_2026-03-31_17-40-17.jpg","_links":{"self":[{"href":"https:\/\/hablemosclarotdf.com.ar\/index.php?rest_route=\/wp\/v2\/posts\/70835","targetHints":{"allow":["GET"]}}],"collection":[{"href":"https:\/\/hablemosclarotdf.com.ar\/index.php?rest_route=\/wp\/v2\/posts"}],"about":[{"href":"https:\/\/hablemosclarotdf.com.ar\/index.php?rest_route=\/wp\/v2\/types\/post"}],"author":[{"embeddable":true,"href":"https:\/\/hablemosclarotdf.com.ar\/index.php?rest_route=\/wp\/v2\/users\/1"}],"replies":[{"embeddable":true,"href":"https:\/\/hablemosclarotdf.com.ar\/index.php?rest_route=%2Fwp%2Fv2%2Fcomments&post=70835"}],"version-history":[{"count":1,"href":"https:\/\/hablemosclarotdf.com.ar\/index.php?rest_route=\/wp\/v2\/posts\/70835\/revisions"}],"predecessor-version":[{"id":70841,"href":"https:\/\/hablemosclarotdf.com.ar\/index.php?rest_route=\/wp\/v2\/posts\/70835\/revisions\/70841"}],"wp:featuredmedia":[{"embeddable":true,"href":"https:\/\/hablemosclarotdf.com.ar\/index.php?rest_route=\/wp\/v2\/media\/70836"}],"wp:attachment":[{"href":"https:\/\/hablemosclarotdf.com.ar\/index.php?rest_route=%2Fwp%2Fv2%2Fmedia&parent=70835"}],"wp:term":[{"taxonomy":"category","embeddable":true,"href":"https:\/\/hablemosclarotdf.com.ar\/index.php?rest_route=%2Fwp%2Fv2%2Fcategories&post=70835"},{"taxonomy":"post_tag","embeddable":true,"href":"https:\/\/hablemosclarotdf.com.ar\/index.php?rest_route=%2Fwp%2Fv2%2Ftags&post=70835"}],"curies":[{"name":"wp","href":"https:\/\/api.w.org\/{rel}","templated":true}]}}