{"id":70832,"date":"2026-03-31T17:37:50","date_gmt":"2026-03-31T20:37:50","guid":{"rendered":"https:\/\/hablemosclarotdf.com.ar\/?p=70832"},"modified":"2026-03-31T17:37:50","modified_gmt":"2026-03-31T20:37:50","slug":"alerta-amarilla-por-vientos-fuertes-3","status":"publish","type":"post","link":"https:\/\/hablemosclarotdf.com.ar\/?p=70832","title":{"rendered":"ALERTA AMARILLA POR VIENTOS FUERTES"},"content":{"rendered":"<p>La Secretar\u00eda de Protecci\u00f3n Civil informa que el Servicio Meteorol\u00f3gico Nacional (SMN) emiti\u00f3 una advertencia amarilla en toda la provincia por vientos intensos del sector oeste con velocidades entre 40 y 65 km\/h y r\u00e1fagas que pueden alcanzar los 100 km\/h. La alerta rige para este martes 31 de marzo desde horas de la tarde y tendr\u00e1 mayor incidencia en el norte de la provincia.<\/p>\n<p>Ante este tipo de condiciones se recomienda no sacar la basura, retirar objetos que puedan ser arrastrados por el viento, transitar con m\u00e1xima precauci\u00f3n y respetar las se\u00f1ales e indicaciones de las autoridades.<\/p>\n<p>Ante cualquier situaci\u00f3n de emergencia llamar al 911 o al 103.<\/p>\n","protected":false},"excerpt":{"rendered":"<p>La Secretar\u00eda de Protecci\u00f3n Civil informa que el Servicio Meteorol\u00f3gico Nacional (SMN) emiti\u00f3 una advertencia&#8230;<\/p>\n","protected":false},"author":1,"featured_media":70833,"comment_status":"closed","ping_status":"closed","sticky":false,"template":"","format":"standard","meta":{"footnotes":""},"categories":[3],"tags":[],"class_list":["post-70832","post","type-post","status-publish","format-standard","has-post-thumbnail","hentry","category-noticias"],"jetpack_featured_media_url":"https:\/\/hablemosclarotdf.com.ar\/wp-content\/uploads\/2026\/03\/photo_2026-03-31_17-36-17.jpg","_links":{"self":[{"href":"https:\/\/hablemosclarotdf.com.ar\/index.php?rest_route=\/wp\/v2\/posts\/70832","targetHints":{"allow":["GET"]}}],"collection":[{"href":"https:\/\/hablemosclarotdf.com.ar\/index.php?rest_route=\/wp\/v2\/posts"}],"about":[{"href":"https:\/\/hablemosclarotdf.com.ar\/index.php?rest_route=\/wp\/v2\/types\/post"}],"author":[{"embeddable":true,"href":"https:\/\/hablemosclarotdf.com.ar\/index.php?rest_route=\/wp\/v2\/users\/1"}],"replies":[{"embeddable":true,"href":"https:\/\/hablemosclarotdf.com.ar\/index.php?rest_route=%2Fwp%2Fv2%2Fcomments&post=70832"}],"version-history":[{"count":1,"href":"https:\/\/hablemosclarotdf.com.ar\/index.php?rest_route=\/wp\/v2\/posts\/70832\/revisions"}],"predecessor-version":[{"id":70834,"href":"https:\/\/hablemosclarotdf.com.ar\/index.php?rest_route=\/wp\/v2\/posts\/70832\/revisions\/70834"}],"wp:featuredmedia":[{"embeddable":true,"href":"https:\/\/hablemosclarotdf.com.ar\/index.php?rest_route=\/wp\/v2\/media\/70833"}],"wp:attachment":[{"href":"https:\/\/hablemosclarotdf.com.ar\/index.php?rest_route=%2Fwp%2Fv2%2Fmedia&parent=70832"}],"wp:term":[{"taxonomy":"category","embeddable":true,"href":"https:\/\/hablemosclarotdf.com.ar\/index.php?rest_route=%2Fwp%2Fv2%2Fcategories&post=70832"},{"taxonomy":"post_tag","embeddable":true,"href":"https:\/\/hablemosclarotdf.com.ar\/index.php?rest_route=%2Fwp%2Fv2%2Ftags&post=70832"}],"curies":[{"name":"wp","href":"https:\/\/api.w.org\/{rel}","templated":true}]}}