{"id":70825,"date":"2026-03-31T17:30:44","date_gmt":"2026-03-31T20:30:44","guid":{"rendered":"https:\/\/hablemosclarotdf.com.ar\/?p=70825"},"modified":"2026-03-31T17:30:44","modified_gmt":"2026-03-31T20:30:44","slug":"subsidio-de-gas-envasado-es-necesario-ordenar-y-segmentar-para-garantizar-equidad-territorial","status":"publish","type":"post","link":"https:\/\/hablemosclarotdf.com.ar\/?p=70825","title":{"rendered":"SUBSIDIO DE GAS ENVASADO: \u201cES NECESARIO ORDENAR Y SEGMENTAR PARA GARANTIZAR EQUIDAD TERRITORIAL\u201d"},"content":{"rendered":"<p>El viceministro de Econom\u00eda, Juan Pablo Ruiz Rullier, confirm\u00f3 que, a pesar de las modificaciones introducidas por el gobierno nacional en materia de subsidios energ\u00e9ticos, la provincia sostiene su acompa\u00f1amiento al gas licuado de petr\u00f3leo (GLP) con una inversi\u00f3n que supera el 88% del costo final del producto. En ese marco, detall\u00f3 las nuevas medidas de ordenamiento y segmentaci\u00f3n implementadas para garantizar equidad territorial y sostenibilidad fiscal.<\/p>\n<p>Ante la preocupaci\u00f3n generada por la decisi\u00f3n del gobierno nacional de reducir su participaci\u00f3n en la determinaci\u00f3n de precios y liberar el mercado del gas envasado, el viceministro Ruiz Rullier se\u00f1al\u00f3: \u201cLo m\u00e1s importante es aquella persona que ten\u00eda la garrafa, el tubo de gas. Sabiendo que la decisi\u00f3n ven\u00eda de parte del gobierno nacional, esto podr\u00eda haber tenido tambi\u00e9n la misma decisi\u00f3n por el gobierno de la provincia. Sin embargo, el gobierno mantiene el subsidio\u201d.<\/p>\n<p>El funcionario explic\u00f3 que el contexto nacional, marcado por un decreto en 2025 que modific\u00f3 el r\u00e9gimen regulatorio del GLP, llev\u00f3 a la provincia a implementar un ordenamiento territorial en lugar de una eliminaci\u00f3n del subsidio.<\/p>\n<p>\u201cLa provincia sigue acompa\u00f1ando el subsidio y ha determinado un ordenamiento territorial, no una eliminaci\u00f3n del subsidio, sino un ordenamiento en lo que tiene que ver con el r\u00e9gimen para poder priorizar a los hogares que realmente dependen del subsidio del GLP\u201d, detall\u00f3.<\/p>\n<p>La nueva segmentaci\u00f3n, impulsada por el Ministerio de Econom\u00eda, se basa en dos criterios fundamentales: Nivel de ingresos y Zonificaci\u00f3n territorial. En esta \u00faltima segmentaci\u00f3n, se implementaron diferenciaciones seg\u00fan las caracter\u00edsticas urban\u00edsticas, topogr\u00e1ficas y de acceso a la red de gas natural de cada localidad.<\/p>\n<p>Ruiz Rullier enfatiz\u00f3 la necesidad de optimizar los recursos p\u00fablicos y contribuir al sostenimiento de las cuentas fiscales, al tiempo que se promueve la transici\u00f3n hacia el gas natural en zonas con infraestructura disponible.<\/p>\n<p>En cuanto a la distribuci\u00f3n del costo actual, el viceministro detall\u00f3: \u201cEl precio de marzo, que el kilo est\u00e1 en 2.362 pesos aproximadamente, Naci\u00f3n sigue subvencionando \u00fanicamente 199 pesos, lo que hoy constituye alrededor de un 8 y un 9%. La provincia est\u00e1 alrededor del 88-89%, subvencionando alrededor de 2.083 pesos de esos 2.360 del precio del kilo, y el usuario est\u00e1 pasando de pagar 80 pesos a 120 pesos el kilo subsidiado\u201d.<\/p>\n<p>Finalmente, el funcionario llev\u00f3 tranquilidad a los usuarios ante posibles aumentos futuros, asegurando que el compromiso provincial se mantiene firme. \u201cEl precio de marzo, que el kilo est\u00e1 en 2.362 pesos aproximadamente, Naci\u00f3n sigue, despu\u00e9s de muchos meses y te dir\u00eda que a\u00f1os, subvencionando \u00fanicamente 199 pesos. El 88% del subsidio lo da el gobierno de la provincia\u201d, reiter\u00f3.<\/p>\n<p>La medida busca garantizar que el subsidio llegue a quienes realmente lo necesitan, con especial \u00e9nfasis en la ciudad de R\u00edo Grande, donde la situaci\u00f3n del empleo es m\u00e1s cr\u00edtica, sin descuidar a los usuarios de Ushuaia y Tolhuin<\/p>\n","protected":false},"excerpt":{"rendered":"<p>El viceministro de Econom\u00eda, Juan Pablo Ruiz Rullier, confirm\u00f3 que, a pesar de las modificaciones&#8230;<\/p>\n","protected":false},"author":1,"featured_media":70826,"comment_status":"closed","ping_status":"closed","sticky":false,"template":"","format":"standard","meta":{"footnotes":""},"categories":[3],"tags":[],"class_list":["post-70825","post","type-post","status-publish","format-standard","has-post-thumbnail","hentry","category-noticias"],"jetpack_featured_media_url":"https:\/\/hablemosclarotdf.com.ar\/wp-content\/uploads\/2026\/03\/photo_2026-03-31_17-29-13.jpg","_links":{"self":[{"href":"https:\/\/hablemosclarotdf.com.ar\/index.php?rest_route=\/wp\/v2\/posts\/70825","targetHints":{"allow":["GET"]}}],"collection":[{"href":"https:\/\/hablemosclarotdf.com.ar\/index.php?rest_route=\/wp\/v2\/posts"}],"about":[{"href":"https:\/\/hablemosclarotdf.com.ar\/index.php?rest_route=\/wp\/v2\/types\/post"}],"author":[{"embeddable":true,"href":"https:\/\/hablemosclarotdf.com.ar\/index.php?rest_route=\/wp\/v2\/users\/1"}],"replies":[{"embeddable":true,"href":"https:\/\/hablemosclarotdf.com.ar\/index.php?rest_route=%2Fwp%2Fv2%2Fcomments&post=70825"}],"version-history":[{"count":1,"href":"https:\/\/hablemosclarotdf.com.ar\/index.php?rest_route=\/wp\/v2\/posts\/70825\/revisions"}],"predecessor-version":[{"id":70827,"href":"https:\/\/hablemosclarotdf.com.ar\/index.php?rest_route=\/wp\/v2\/posts\/70825\/revisions\/70827"}],"wp:featuredmedia":[{"embeddable":true,"href":"https:\/\/hablemosclarotdf.com.ar\/index.php?rest_route=\/wp\/v2\/media\/70826"}],"wp:attachment":[{"href":"https:\/\/hablemosclarotdf.com.ar\/index.php?rest_route=%2Fwp%2Fv2%2Fmedia&parent=70825"}],"wp:term":[{"taxonomy":"category","embeddable":true,"href":"https:\/\/hablemosclarotdf.com.ar\/index.php?rest_route=%2Fwp%2Fv2%2Fcategories&post=70825"},{"taxonomy":"post_tag","embeddable":true,"href":"https:\/\/hablemosclarotdf.com.ar\/index.php?rest_route=%2Fwp%2Fv2%2Ftags&post=70825"}],"curies":[{"name":"wp","href":"https:\/\/api.w.org\/{rel}","templated":true}]}}