{"id":70821,"date":"2026-03-31T17:26:32","date_gmt":"2026-03-31T20:26:32","guid":{"rendered":"https:\/\/hablemosclarotdf.com.ar\/?p=70821"},"modified":"2026-03-31T17:26:32","modified_gmt":"2026-03-31T20:26:32","slug":"rio-grande-firmo-un-convenio-de-hermanamiento-con-la-ciudad-de-la-quiaca","status":"publish","type":"post","link":"https:\/\/hablemosclarotdf.com.ar\/?p=70821","title":{"rendered":"R\u00cdO GRANDE FIRM\u00d3 UN CONVENIO DE HERMANAMIENTO CON LA CIUDAD DE LA QUIACA"},"content":{"rendered":"<p>En el marco de la visita institucional a la Vigilia por Malvinas, el Municipio de R\u00edo Grande firm\u00f3 un convenio de hermanamiento con la ciudad de La Quiaca (Jujuy), consolidando un v\u00ednculo entre dos puntos cardinales de la Argentina.<\/p>\n<p>El acuerdo fue suscripto por el intendente Mart\u00edn Perez y su par de La Quiaca, Dante Vel\u00e1zquez, y establece una agenda de trabajo conjunta orientada al intercambio de experiencias y al desarrollo de iniciativas en \u00e1reas como turismo, cultura, formaci\u00f3n y desarrollo local.<\/p>\n<p>Durante el encuentro, el intendente Mart\u00edn Perez agradeci\u00f3 la presencia de la delegaci\u00f3n juje\u00f1a en una fecha tan significativa para la ciudad y destac\u00f3 la importancia de seguir construyendo v\u00ednculos federales que integren a la Argentina desde sus territorios.<\/p>\n<p>Por su parte, el jefe comunal juje\u00f1o se\u00f1al\u00f3: \u201cluego de haber recorrido m\u00e1s de 5.000 kil\u00f3metros desde La Quiaca, la puerta norte de la Argentina, vine a R\u00edo Grande a acompa\u00f1ar la Vigilia, en tiempos de crisis, reafirmando la defensa irrestricta de la soberan\u00eda\u201d.<\/p>\n<p>Asimismo, agreg\u00f3: \u201crubricamos un convenio de hermanamiento entre La Quiaca y R\u00edo Grande, con la firme intenci\u00f3n de unir los puntos extremos del pa\u00eds y generar mejores realidades para nuestros pueblos\u201d.<\/p>\n<p>El convenio firmado constituye un primer paso para avanzar en acciones entre ambas ciudades, promoviendo el trabajo conjunto.<\/p>\n<p>&nbsp;<\/p>\n<p><img loading=\"lazy\" decoding=\"async\" class=\"alignnone size-medium wp-image-70823\" src=\"https:\/\/hablemosclarotdf.com.ar\/wp-content\/uploads\/2026\/03\/photo_2026-03-31_17-25-24-300x200.jpg\" alt=\"\" width=\"300\" height=\"200\" srcset=\"https:\/\/hablemosclarotdf.com.ar\/wp-content\/uploads\/2026\/03\/photo_2026-03-31_17-25-24-300x200.jpg 300w, https:\/\/hablemosclarotdf.com.ar\/wp-content\/uploads\/2026\/03\/photo_2026-03-31_17-25-24-1024x683.jpg 1024w, https:\/\/hablemosclarotdf.com.ar\/wp-content\/uploads\/2026\/03\/photo_2026-03-31_17-25-24-768x512.jpg 768w, https:\/\/hablemosclarotdf.com.ar\/wp-content\/uploads\/2026\/03\/photo_2026-03-31_17-25-24.jpg 1500w\" sizes=\"auto, (max-width: 300px) 100vw, 300px\" \/><\/p>\n","protected":false},"excerpt":{"rendered":"<p>En el marco de la visita institucional a la Vigilia por Malvinas, el Municipio de&#8230;<\/p>\n","protected":false},"author":1,"featured_media":70822,"comment_status":"closed","ping_status":"closed","sticky":false,"template":"","format":"standard","meta":{"footnotes":""},"categories":[3],"tags":[],"class_list":["post-70821","post","type-post","status-publish","format-standard","has-post-thumbnail","hentry","category-noticias"],"jetpack_featured_media_url":"https:\/\/hablemosclarotdf.com.ar\/wp-content\/uploads\/2026\/03\/photo_2026-03-31_17-25-07.jpg","_links":{"self":[{"href":"https:\/\/hablemosclarotdf.com.ar\/index.php?rest_route=\/wp\/v2\/posts\/70821","targetHints":{"allow":["GET"]}}],"collection":[{"href":"https:\/\/hablemosclarotdf.com.ar\/index.php?rest_route=\/wp\/v2\/posts"}],"about":[{"href":"https:\/\/hablemosclarotdf.com.ar\/index.php?rest_route=\/wp\/v2\/types\/post"}],"author":[{"embeddable":true,"href":"https:\/\/hablemosclarotdf.com.ar\/index.php?rest_route=\/wp\/v2\/users\/1"}],"replies":[{"embeddable":true,"href":"https:\/\/hablemosclarotdf.com.ar\/index.php?rest_route=%2Fwp%2Fv2%2Fcomments&post=70821"}],"version-history":[{"count":1,"href":"https:\/\/hablemosclarotdf.com.ar\/index.php?rest_route=\/wp\/v2\/posts\/70821\/revisions"}],"predecessor-version":[{"id":70824,"href":"https:\/\/hablemosclarotdf.com.ar\/index.php?rest_route=\/wp\/v2\/posts\/70821\/revisions\/70824"}],"wp:featuredmedia":[{"embeddable":true,"href":"https:\/\/hablemosclarotdf.com.ar\/index.php?rest_route=\/wp\/v2\/media\/70822"}],"wp:attachment":[{"href":"https:\/\/hablemosclarotdf.com.ar\/index.php?rest_route=%2Fwp%2Fv2%2Fmedia&parent=70821"}],"wp:term":[{"taxonomy":"category","embeddable":true,"href":"https:\/\/hablemosclarotdf.com.ar\/index.php?rest_route=%2Fwp%2Fv2%2Fcategories&post=70821"},{"taxonomy":"post_tag","embeddable":true,"href":"https:\/\/hablemosclarotdf.com.ar\/index.php?rest_route=%2Fwp%2Fv2%2Ftags&post=70821"}],"curies":[{"name":"wp","href":"https:\/\/api.w.org\/{rel}","templated":true}]}}