{"id":70818,"date":"2026-03-31T17:23:00","date_gmt":"2026-03-31T20:23:00","guid":{"rendered":"https:\/\/hablemosclarotdf.com.ar\/?p=70818"},"modified":"2026-03-31T17:23:00","modified_gmt":"2026-03-31T20:23:00","slug":"rio-grande-la-vigilia-se-transmitira-para-todo-el-pais-por-streaming","status":"publish","type":"post","link":"https:\/\/hablemosclarotdf.com.ar\/?p=70818","title":{"rendered":"RIO GRANDE : LA VIGILIA SE TRANSMITIR\u00c1 PARA TODO EL PA\u00cdS POR STREAMING"},"content":{"rendered":"<p>La Vigilia de Malvinas, espacio de homenaje a los h\u00e9roes de la Guerra y un momento de reafirmaci\u00f3n soberana, podr\u00e1 seguirse en todo el pa\u00eds a trav\u00e9s de una transmisi\u00f3n en vivo, ampliando el alcance de este hist\u00f3rico evento riograndense.<\/p>\n<p>En el marco de una nueva Vigilia por Malvinas, el Municipio de R\u00edo Grande llevar\u00e1 adelante, por 3\u00b0 a\u00f1o consecutivo, una transmisi\u00f3n especial en vivo con el objetivo de acercar este emblem\u00e1tico homenaje a todo el territorio nacional y fortalecer la memoria colectiva.<\/p>\n<p>La transmisi\u00f3n podr\u00e1 seguirse desde las 21 horas a trav\u00e9s del canal de YouTube del Municipio de R\u00edo Grande. La propuesta contar\u00e1 con la participaci\u00f3n de streamers de alcance nacional, quienes aportar\u00e1n su mirada en esta significativa conmemoraci\u00f3n.<\/p>\n<p>En este marco, se dispondr\u00e1 un estudio al aire libre ubicado frente al escenario principal, desde donde se desarrollar\u00e1 una cobertura especial con un formato din\u00e1mico y rotativo, con conversaciones centradas en la Causa Malvinas y el Atl\u00e1ntico Sur como eje geopol\u00edtico.<\/p>\n<p>El principal objetivo de esta iniciativa es visibilizar en todo el pa\u00eds el sacrificio y la entrega de los veteranos de Guerra de Malvinas, promoviendo la reflexi\u00f3n sobre este cap\u00edtulo fundamental de nuestra historia, especialmente entre las nuevas generaciones.<\/p>\n<p>De esta manera, el Municipio de R\u00edo Grande contin\u00faa consolidando su agenda malvinizadora y reafirma su identidad como Ciudad de la Soberan\u00eda, fortaleciendo el compromiso permanente con la memoria y la lucha por la causa Malvinas.<\/p>\n","protected":false},"excerpt":{"rendered":"<p>La Vigilia de Malvinas, espacio de homenaje a los h\u00e9roes de la Guerra y un&#8230;<\/p>\n","protected":false},"author":1,"featured_media":70819,"comment_status":"closed","ping_status":"closed","sticky":false,"template":"","format":"standard","meta":{"footnotes":""},"categories":[3],"tags":[],"class_list":["post-70818","post","type-post","status-publish","format-standard","has-post-thumbnail","hentry","category-noticias"],"jetpack_featured_media_url":"https:\/\/hablemosclarotdf.com.ar\/wp-content\/uploads\/2026\/03\/photo_2026-03-31_17-21-20.jpg","_links":{"self":[{"href":"https:\/\/hablemosclarotdf.com.ar\/index.php?rest_route=\/wp\/v2\/posts\/70818","targetHints":{"allow":["GET"]}}],"collection":[{"href":"https:\/\/hablemosclarotdf.com.ar\/index.php?rest_route=\/wp\/v2\/posts"}],"about":[{"href":"https:\/\/hablemosclarotdf.com.ar\/index.php?rest_route=\/wp\/v2\/types\/post"}],"author":[{"embeddable":true,"href":"https:\/\/hablemosclarotdf.com.ar\/index.php?rest_route=\/wp\/v2\/users\/1"}],"replies":[{"embeddable":true,"href":"https:\/\/hablemosclarotdf.com.ar\/index.php?rest_route=%2Fwp%2Fv2%2Fcomments&post=70818"}],"version-history":[{"count":1,"href":"https:\/\/hablemosclarotdf.com.ar\/index.php?rest_route=\/wp\/v2\/posts\/70818\/revisions"}],"predecessor-version":[{"id":70820,"href":"https:\/\/hablemosclarotdf.com.ar\/index.php?rest_route=\/wp\/v2\/posts\/70818\/revisions\/70820"}],"wp:featuredmedia":[{"embeddable":true,"href":"https:\/\/hablemosclarotdf.com.ar\/index.php?rest_route=\/wp\/v2\/media\/70819"}],"wp:attachment":[{"href":"https:\/\/hablemosclarotdf.com.ar\/index.php?rest_route=%2Fwp%2Fv2%2Fmedia&parent=70818"}],"wp:term":[{"taxonomy":"category","embeddable":true,"href":"https:\/\/hablemosclarotdf.com.ar\/index.php?rest_route=%2Fwp%2Fv2%2Fcategories&post=70818"},{"taxonomy":"post_tag","embeddable":true,"href":"https:\/\/hablemosclarotdf.com.ar\/index.php?rest_route=%2Fwp%2Fv2%2Ftags&post=70818"}],"curies":[{"name":"wp","href":"https:\/\/api.w.org\/{rel}","templated":true}]}}