{"id":70811,"date":"2026-03-31T17:17:56","date_gmt":"2026-03-31T20:17:56","guid":{"rendered":"https:\/\/hablemosclarotdf.com.ar\/?p=70811"},"modified":"2026-03-31T17:17:56","modified_gmt":"2026-03-31T20:17:56","slug":"rio-grande-malvinas-nos-une-mas-de-150-instituciones-participaran-del-desfile-del-2-de-abril","status":"publish","type":"post","link":"https:\/\/hablemosclarotdf.com.ar\/?p=70811","title":{"rendered":"RIO GRANDE : MALVINAS NOS UNE: M\u00c1S DE 150 INSTITUCIONES PARTICIPAR\u00c1N DEL DESFILE DEL 2 DE ABRIL"},"content":{"rendered":"<p>En el marco del 44\u00b0 Aniversario de la Gesta de Malvinas, R\u00edo Grande se prepara para vivir una nueva jornada de memoria, homenaje y reafirmaci\u00f3n de la soberan\u00eda nacional, con una amplia participaci\u00f3n de vecinas y vecinos.<\/p>\n<p>Este 2026, m\u00e1s de 150 instituciones de la ciudad formar\u00e1n parte del tradicional Desfile del 2 de abril, que se llevar\u00e1 adelante sobre la Av. H\u00e9roes de Malvinas, luego del acto central previsto para las 9:30 horas en el Monumento H\u00e9roes de Malvinas.<\/p>\n<p>En esta jornada donde el pueblo riograndense vuelve a abrazar la causa Malvinas, participar\u00e1n instituciones educativas de todos los niveles, Fuerzas Armadas y de Seguridad, asociaciones civiles, clubes deportivos, sindicatos, centros de jubilados, organismos p\u00fablicos y diversos actores de la comunidad, quienes marchar\u00e1n con sus banderas como expresi\u00f3n de compromiso y memoria colectiva.<\/p>\n<p>El Desfile dar\u00e1 inicio a las 10:30 horas, momento en el cual las instituciones realizar\u00e1n su paso con sus banderas, estandartes y representantes. Paralelo a su desarrollo, las y los riograndenses podr\u00e1n compartir un Gran Almuerzo Popular a partir de las 13 horas, en el estacionamiento del Parque de los 100 A\u00f1os.<\/p>\n<p>Cabe destacar que, durante toda la jornada, el Centro de Bienestar \u201cPapa Francisco\u201d permanecer\u00e1 abierto para brindar a las personas mayores un espacio de descanso y acompa\u00f1amiento.<\/p>\n<p>En este 2 de abril y como cada a\u00f1o, R\u00edo Grande renueva su compromiso con la causa Malvinas. El pueblo volver\u00e1 a encontrarse en una jornada de profunda reflexi\u00f3n, unidad y orgullo malvinero, con el objetivo de seguir manteniendo viva la memoria y el reclamo de soberan\u00eda sobre nuestras Islas.<\/p>\n<p><img loading=\"lazy\" decoding=\"async\" class=\"alignnone size-medium wp-image-70813\" src=\"https:\/\/hablemosclarotdf.com.ar\/wp-content\/uploads\/2026\/03\/photo_2026-03-31_17-12-57-300x200.jpg\" alt=\"\" width=\"300\" height=\"200\" srcset=\"https:\/\/hablemosclarotdf.com.ar\/wp-content\/uploads\/2026\/03\/photo_2026-03-31_17-12-57-300x200.jpg 300w, https:\/\/hablemosclarotdf.com.ar\/wp-content\/uploads\/2026\/03\/photo_2026-03-31_17-12-57-1024x682.jpg 1024w, https:\/\/hablemosclarotdf.com.ar\/wp-content\/uploads\/2026\/03\/photo_2026-03-31_17-12-57-768x512.jpg 768w, https:\/\/hablemosclarotdf.com.ar\/wp-content\/uploads\/2026\/03\/photo_2026-03-31_17-12-57.jpg 1280w\" sizes=\"auto, (max-width: 300px) 100vw, 300px\" \/> <img loading=\"lazy\" decoding=\"async\" class=\"alignnone size-medium wp-image-70814\" src=\"https:\/\/hablemosclarotdf.com.ar\/wp-content\/uploads\/2026\/03\/photo_2026-03-31_17-13-02-300x214.jpg\" alt=\"\" width=\"300\" height=\"214\" srcset=\"https:\/\/hablemosclarotdf.com.ar\/wp-content\/uploads\/2026\/03\/photo_2026-03-31_17-13-02-300x214.jpg 300w, https:\/\/hablemosclarotdf.com.ar\/wp-content\/uploads\/2026\/03\/photo_2026-03-31_17-13-02-1024x730.jpg 1024w, https:\/\/hablemosclarotdf.com.ar\/wp-content\/uploads\/2026\/03\/photo_2026-03-31_17-13-02-768x548.jpg 768w, https:\/\/hablemosclarotdf.com.ar\/wp-content\/uploads\/2026\/03\/photo_2026-03-31_17-13-02.jpg 1280w\" sizes=\"auto, (max-width: 300px) 100vw, 300px\" \/><\/p>\n","protected":false},"excerpt":{"rendered":"<p>En el marco del 44\u00b0 Aniversario de la Gesta de Malvinas, R\u00edo Grande se prepara&#8230;<\/p>\n","protected":false},"author":1,"featured_media":70812,"comment_status":"closed","ping_status":"closed","sticky":false,"template":"","format":"standard","meta":{"footnotes":""},"categories":[3],"tags":[],"class_list":["post-70811","post","type-post","status-publish","format-standard","has-post-thumbnail","hentry","category-noticias"],"jetpack_featured_media_url":"https:\/\/hablemosclarotdf.com.ar\/wp-content\/uploads\/2026\/03\/photo_2026-03-31_17-12-52.jpg","_links":{"self":[{"href":"https:\/\/hablemosclarotdf.com.ar\/index.php?rest_route=\/wp\/v2\/posts\/70811","targetHints":{"allow":["GET"]}}],"collection":[{"href":"https:\/\/hablemosclarotdf.com.ar\/index.php?rest_route=\/wp\/v2\/posts"}],"about":[{"href":"https:\/\/hablemosclarotdf.com.ar\/index.php?rest_route=\/wp\/v2\/types\/post"}],"author":[{"embeddable":true,"href":"https:\/\/hablemosclarotdf.com.ar\/index.php?rest_route=\/wp\/v2\/users\/1"}],"replies":[{"embeddable":true,"href":"https:\/\/hablemosclarotdf.com.ar\/index.php?rest_route=%2Fwp%2Fv2%2Fcomments&post=70811"}],"version-history":[{"count":1,"href":"https:\/\/hablemosclarotdf.com.ar\/index.php?rest_route=\/wp\/v2\/posts\/70811\/revisions"}],"predecessor-version":[{"id":70817,"href":"https:\/\/hablemosclarotdf.com.ar\/index.php?rest_route=\/wp\/v2\/posts\/70811\/revisions\/70817"}],"wp:featuredmedia":[{"embeddable":true,"href":"https:\/\/hablemosclarotdf.com.ar\/index.php?rest_route=\/wp\/v2\/media\/70812"}],"wp:attachment":[{"href":"https:\/\/hablemosclarotdf.com.ar\/index.php?rest_route=%2Fwp%2Fv2%2Fmedia&parent=70811"}],"wp:term":[{"taxonomy":"category","embeddable":true,"href":"https:\/\/hablemosclarotdf.com.ar\/index.php?rest_route=%2Fwp%2Fv2%2Fcategories&post=70811"},{"taxonomy":"post_tag","embeddable":true,"href":"https:\/\/hablemosclarotdf.com.ar\/index.php?rest_route=%2Fwp%2Fv2%2Ftags&post=70811"}],"curies":[{"name":"wp","href":"https:\/\/api.w.org\/{rel}","templated":true}]}}