{"id":70806,"date":"2026-03-31T17:10:13","date_gmt":"2026-03-31T20:10:13","guid":{"rendered":"https:\/\/hablemosclarotdf.com.ar\/?p=70806"},"modified":"2026-03-31T17:10:13","modified_gmt":"2026-03-31T20:10:13","slug":"rio-grande-el-municipio-abre-las-inscripciones-para-las-actividades-recreativas-2026","status":"publish","type":"post","link":"https:\/\/hablemosclarotdf.com.ar\/?p=70806","title":{"rendered":"RIO GRANDE : EL MUNICIPIO ABRE LAS INSCRIPCIONES PARA LAS ACTIVIDADES RECREATIVAS 2026"},"content":{"rendered":"<p>El Municipio de R\u00edo Grande invita a vecinos y vecinas a sumarse a una amplia propuesta de actividades recreativas pensadas para todas las edades e intereses. La iniciativa contempla m\u00faltiples disciplinas que se desarrollar\u00e1n a lo largo del a\u00f1o, promoviendo el encuentro, el aprendizaje y el bienestar de la comunidad.<\/p>\n<p>A trav\u00e9s de sus distintas \u00e1reas, el Municipio informa que este martes 31 de marzo, desde las 10 horas, abren las inscripciones para las propuestas recreativas que formar\u00e1n parte del ciclo 2026.<\/p>\n<p>Las inscripciones se realizar\u00e1n de manera online a trav\u00e9s del portal https:\/\/portalciudadano.riogrande.gob.ar\/<br \/>\n, facilitando el acceso de vecinos y vecinas de toda la ciudad a cada una de las actividades.<\/p>\n<p>La oferta incluye una amplia variedad de propuestas culturales y recreativas. Entre ellas se destacan: amigurumis, danzas \u00e1rabes, arte en papel, artes pl\u00e1sticas, bater\u00eda, canto, cer\u00e1mica, corte y confecci\u00f3n, danza contempor\u00e1nea, folklore, guitarra el\u00e9ctrica y criolla, salsa, bachata, papeler\u00eda creativa, patchwork, teatro en sus distintos niveles, viol\u00edn, piano, muralismo, tango, tango pilates, ritmos urbanos, femme style, crochet, as\u00ed como tambi\u00e9n propuestas vinculadas a la cocina recreativa, medios audiovisuales, huerta, reciclado y formaci\u00f3n art\u00edstica.<\/p>\n<p>Esta propuesta forma parte de una pol\u00edtica p\u00fablica sostenida que busca fortalecer el acceso a actividades recreativas como herramientas fundamentales para el desarrollo personal, la integraci\u00f3n social y la construcci\u00f3n de comunidad.<\/p>\n<p>Quienes deseen inscribirse podr\u00e1n hacerlo ingresando al portal mencionado, donde encontrar\u00e1n toda la informaci\u00f3n detallada sobre cada una de las propuestas disponibles.<\/p>\n<p>De esta manera, el Municipio de R\u00edo Grande contin\u00faa promoviendo espacios de encuentro y participaci\u00f3n, acompa\u00f1ando el bienestar integral de vecinos y vecinas a trav\u00e9s de propuestas inclusivas, accesibles y de calidad.<\/p>\n<p><img loading=\"lazy\" decoding=\"async\" class=\"alignnone size-medium wp-image-70808\" src=\"https:\/\/hablemosclarotdf.com.ar\/wp-content\/uploads\/2026\/03\/photo_2026-03-31_17-09-16-300x200.jpg\" alt=\"\" width=\"300\" height=\"200\" srcset=\"https:\/\/hablemosclarotdf.com.ar\/wp-content\/uploads\/2026\/03\/photo_2026-03-31_17-09-16-300x200.jpg 300w, https:\/\/hablemosclarotdf.com.ar\/wp-content\/uploads\/2026\/03\/photo_2026-03-31_17-09-16-1024x682.jpg 1024w, https:\/\/hablemosclarotdf.com.ar\/wp-content\/uploads\/2026\/03\/photo_2026-03-31_17-09-16-768x512.jpg 768w, https:\/\/hablemosclarotdf.com.ar\/wp-content\/uploads\/2026\/03\/photo_2026-03-31_17-09-16.jpg 1280w\" sizes=\"auto, (max-width: 300px) 100vw, 300px\" \/> <img loading=\"lazy\" decoding=\"async\" class=\"alignnone size-medium wp-image-70809\" src=\"https:\/\/hablemosclarotdf.com.ar\/wp-content\/uploads\/2026\/03\/photo_2026-03-31_17-09-19-300x200.jpg\" alt=\"\" width=\"300\" height=\"200\" srcset=\"https:\/\/hablemosclarotdf.com.ar\/wp-content\/uploads\/2026\/03\/photo_2026-03-31_17-09-19-300x200.jpg 300w, https:\/\/hablemosclarotdf.com.ar\/wp-content\/uploads\/2026\/03\/photo_2026-03-31_17-09-19-1024x682.jpg 1024w, https:\/\/hablemosclarotdf.com.ar\/wp-content\/uploads\/2026\/03\/photo_2026-03-31_17-09-19-768x512.jpg 768w, https:\/\/hablemosclarotdf.com.ar\/wp-content\/uploads\/2026\/03\/photo_2026-03-31_17-09-19.jpg 1280w\" sizes=\"auto, (max-width: 300px) 100vw, 300px\" \/><\/p>\n","protected":false},"excerpt":{"rendered":"<p>El Municipio de R\u00edo Grande invita a vecinos y vecinas a sumarse a una amplia&#8230;<\/p>\n","protected":false},"author":1,"featured_media":70807,"comment_status":"closed","ping_status":"closed","sticky":false,"template":"","format":"standard","meta":{"footnotes":""},"categories":[3],"tags":[],"class_list":["post-70806","post","type-post","status-publish","format-standard","has-post-thumbnail","hentry","category-noticias"],"jetpack_featured_media_url":"https:\/\/hablemosclarotdf.com.ar\/wp-content\/uploads\/2026\/03\/photo_2026-03-31_17-09-07.jpg","_links":{"self":[{"href":"https:\/\/hablemosclarotdf.com.ar\/index.php?rest_route=\/wp\/v2\/posts\/70806","targetHints":{"allow":["GET"]}}],"collection":[{"href":"https:\/\/hablemosclarotdf.com.ar\/index.php?rest_route=\/wp\/v2\/posts"}],"about":[{"href":"https:\/\/hablemosclarotdf.com.ar\/index.php?rest_route=\/wp\/v2\/types\/post"}],"author":[{"embeddable":true,"href":"https:\/\/hablemosclarotdf.com.ar\/index.php?rest_route=\/wp\/v2\/users\/1"}],"replies":[{"embeddable":true,"href":"https:\/\/hablemosclarotdf.com.ar\/index.php?rest_route=%2Fwp%2Fv2%2Fcomments&post=70806"}],"version-history":[{"count":1,"href":"https:\/\/hablemosclarotdf.com.ar\/index.php?rest_route=\/wp\/v2\/posts\/70806\/revisions"}],"predecessor-version":[{"id":70810,"href":"https:\/\/hablemosclarotdf.com.ar\/index.php?rest_route=\/wp\/v2\/posts\/70806\/revisions\/70810"}],"wp:featuredmedia":[{"embeddable":true,"href":"https:\/\/hablemosclarotdf.com.ar\/index.php?rest_route=\/wp\/v2\/media\/70807"}],"wp:attachment":[{"href":"https:\/\/hablemosclarotdf.com.ar\/index.php?rest_route=%2Fwp%2Fv2%2Fmedia&parent=70806"}],"wp:term":[{"taxonomy":"category","embeddable":true,"href":"https:\/\/hablemosclarotdf.com.ar\/index.php?rest_route=%2Fwp%2Fv2%2Fcategories&post=70806"},{"taxonomy":"post_tag","embeddable":true,"href":"https:\/\/hablemosclarotdf.com.ar\/index.php?rest_route=%2Fwp%2Fv2%2Ftags&post=70806"}],"curies":[{"name":"wp","href":"https:\/\/api.w.org\/{rel}","templated":true}]}}