{"id":70791,"date":"2026-03-31T16:43:45","date_gmt":"2026-03-31T19:43:45","guid":{"rendered":"https:\/\/hablemosclarotdf.com.ar\/?p=70791"},"modified":"2026-03-31T16:43:45","modified_gmt":"2026-03-31T19:43:45","slug":"ushuaia-la-municipalidad-invita-a-la-comunidad-a-recorrer-una-nueva-edicion-de-la-expo-emprendiendo-junto-al-mercado-concentrador","status":"publish","type":"post","link":"https:\/\/hablemosclarotdf.com.ar\/?p=70791","title":{"rendered":"USHUAIA : LA MUNICIPALIDAD INVITA A LA COMUNIDAD A RECORRER UNA NUEVA EDICI\u00d3N DE LA EXPO EMPRENDIENDO JUNTO AL MERCADO CONCENTRADOR"},"content":{"rendered":"<p>La Municipalidad de Ushuaia, a trav\u00e9s de la Secretar\u00eda de la Mujer y Desarrollo Humano, y de la Secretar\u00eda de Econom\u00eda y Finanzas; invita a vecinas y vecinos a participar de una nueva edici\u00f3n de la Expo Emprendiendo, que se llevar\u00e1 adelante junto al Mercado Concentrador los d\u00edas s\u00e1bado 11 y domingo 12 de abril, de 14 a 20 horas, en el Microestadio Cochocho Vargas.<\/p>\n<p>Durante ambas jornadas, la comunidad podr\u00e1 recorrer una amplia propuesta de emprendimientos locales, gastronom\u00eda, artesan\u00edas, dise\u00f1o, producci\u00f3n regional y productos del Mercado Concentrador, en un espacio pensado para promover el encuentro, el consumo local y el fortalecimiento de la econom\u00eda social.<\/p>\n<p>La propuesta busca seguir generando oportunidades de visibilizaci\u00f3n y comercializaci\u00f3n para emprendedoras y emprendedores de la ciudad, al tiempo que acerca a las familias una alternativa de paseo, compra y acompa\u00f1amiento al trabajo local.<\/p>\n<p>Asimismo, en el marco de una pol\u00edtica de accesibilidad e inclusi\u00f3n, se dispondr\u00e1 una hora silenciosa de 14 a 15 horas, con el objetivo de brindar un entorno m\u00e1s amigable para personas con sensibilidad sensorial y para quienes requieran una experiencia de recorrido con menor estimulaci\u00f3n.<\/p>\n<p>La Expo Emprendiendo junto al Mercado Concentrador se consolida como un espacio de encuentro entre la comunidad y el entramado productivo local, promoviendo el desarrollo econ\u00f3mico, el consumo responsable y la participaci\u00f3n comunitaria.<\/p>\n<p>La entrada ser\u00e1 libre y gratuita.<\/p>\n","protected":false},"excerpt":{"rendered":"<p>La Municipalidad de Ushuaia, a trav\u00e9s de la Secretar\u00eda de la Mujer y Desarrollo Humano,&#8230;<\/p>\n","protected":false},"author":1,"featured_media":70792,"comment_status":"closed","ping_status":"closed","sticky":false,"template":"","format":"standard","meta":{"footnotes":""},"categories":[3],"tags":[],"class_list":["post-70791","post","type-post","status-publish","format-standard","has-post-thumbnail","hentry","category-noticias"],"jetpack_featured_media_url":"https:\/\/hablemosclarotdf.com.ar\/wp-content\/uploads\/2026\/03\/photo_2026-03-31_16-43-21.jpg","_links":{"self":[{"href":"https:\/\/hablemosclarotdf.com.ar\/index.php?rest_route=\/wp\/v2\/posts\/70791","targetHints":{"allow":["GET"]}}],"collection":[{"href":"https:\/\/hablemosclarotdf.com.ar\/index.php?rest_route=\/wp\/v2\/posts"}],"about":[{"href":"https:\/\/hablemosclarotdf.com.ar\/index.php?rest_route=\/wp\/v2\/types\/post"}],"author":[{"embeddable":true,"href":"https:\/\/hablemosclarotdf.com.ar\/index.php?rest_route=\/wp\/v2\/users\/1"}],"replies":[{"embeddable":true,"href":"https:\/\/hablemosclarotdf.com.ar\/index.php?rest_route=%2Fwp%2Fv2%2Fcomments&post=70791"}],"version-history":[{"count":1,"href":"https:\/\/hablemosclarotdf.com.ar\/index.php?rest_route=\/wp\/v2\/posts\/70791\/revisions"}],"predecessor-version":[{"id":70793,"href":"https:\/\/hablemosclarotdf.com.ar\/index.php?rest_route=\/wp\/v2\/posts\/70791\/revisions\/70793"}],"wp:featuredmedia":[{"embeddable":true,"href":"https:\/\/hablemosclarotdf.com.ar\/index.php?rest_route=\/wp\/v2\/media\/70792"}],"wp:attachment":[{"href":"https:\/\/hablemosclarotdf.com.ar\/index.php?rest_route=%2Fwp%2Fv2%2Fmedia&parent=70791"}],"wp:term":[{"taxonomy":"category","embeddable":true,"href":"https:\/\/hablemosclarotdf.com.ar\/index.php?rest_route=%2Fwp%2Fv2%2Fcategories&post=70791"},{"taxonomy":"post_tag","embeddable":true,"href":"https:\/\/hablemosclarotdf.com.ar\/index.php?rest_route=%2Fwp%2Fv2%2Ftags&post=70791"}],"curies":[{"name":"wp","href":"https:\/\/api.w.org\/{rel}","templated":true}]}}