{"id":70746,"date":"2026-03-30T20:20:47","date_gmt":"2026-03-30T23:20:47","guid":{"rendered":"https:\/\/hablemosclarotdf.com.ar\/?p=70746"},"modified":"2026-03-30T20:20:47","modified_gmt":"2026-03-30T23:20:47","slug":"ushuaia-la-nueva-palestra-municipal-es-un-impulso-al-desarrollo-deportivo","status":"publish","type":"post","link":"https:\/\/hablemosclarotdf.com.ar\/?p=70746","title":{"rendered":"USHUAIA : LA NUEVA PALESTRA MUNICIPAL  ES \u201cUN IMPULSO AL DESARROLLO DEPORTIVO\u201d"},"content":{"rendered":"<p>La presidenta del Instituto Municipal de Deportes de Ushuaia, Liliana Gavil\u00e1n, valor\u00f3 la inauguraci\u00f3n de la palestra municipal, destac\u00f3 que el nuevo espacio significa un \u201cimpulso al desarrollo deportivo\u201d y dijo que \u201cestamos muy contentos por gestionar y concretar estas iniciativas\u201d.<br \/>\n\u201cTenemos una agenda muy amplia que incluye las propuestas impulsadas desde el IMD y eventos a los que la Municipalidad acompa\u00f1a con la log\u00edstica\u201d, sostuvo Gavil\u00e1n, y en ese marco \u201cllevamos adelante la inauguraci\u00f3n de la primera palestra municipal\u201d.<br \/>\nEn di\u00e1logo con Radio Provincia record\u00f3 que \u201chace menos de un a\u00f1o nos quedamos sin la actividad tras la finalizaci\u00f3n de un convenio que ten\u00edamos con un privado\u201d, y por ello \u201cnos reunimos con las familias de la escuela municipal de escalada deportiva y con los profesores, y nos pusimos como objetivo construir nuestra propia palestra\u201d.<br \/>\nPara la titular del IMD la nueva palestra \u201ces un impulso al desarrollo deportivo ya que tenemos ese espacio disponible las 24 horas\u201d pero tambi\u00e9n \u201csignifica democratizar una disciplina que es costosa ya que en el privado no baja de los 60 \u00f3 70 mil pesos mensuales\u201d, y a partir de ahora el Estado municipal \u201csubsidia casi al 100% para los mayores de 15 a\u00f1os al punto que el costo va de 12 a 15 mil pesos, mientras que para los menores a esa edad el subsidio es del 100% y por lo tanto la actividad es gratis\u201d.<br \/>\nSobre la jornada de inauguraci\u00f3n resalt\u00f3 que \u201ctoda la comunidad de la disciplina se sum\u00f3 a la propuesta y pudimos disfrutar de un d\u00eda muy lindo\u201d, que incluy\u00f3 \u201cun clasificatorio provincial y luego hubo palestra libre para los adultos que practican la disciplina y no quer\u00edan dejar de estar presentes ya que participaron desde cero en el proyecto\u201d.<br \/>\nPor \u00faltimo, Gavil\u00e1n enfatiz\u00f3 que \u201cla premisa del intendente Vuoto es estar muy presentes y cerca de la gente mediante el deporte en este contexto tan dif\u00edcil que estamos atravesando\u201d.<\/p>\n<p><img loading=\"lazy\" decoding=\"async\" class=\"alignnone size-medium wp-image-70748\" src=\"https:\/\/hablemosclarotdf.com.ar\/wp-content\/uploads\/2026\/03\/photo_2026-03-30_20-19-03-300x200.jpg\" alt=\"\" width=\"300\" height=\"200\" srcset=\"https:\/\/hablemosclarotdf.com.ar\/wp-content\/uploads\/2026\/03\/photo_2026-03-30_20-19-03-300x200.jpg 300w, https:\/\/hablemosclarotdf.com.ar\/wp-content\/uploads\/2026\/03\/photo_2026-03-30_20-19-03-1024x682.jpg 1024w, https:\/\/hablemosclarotdf.com.ar\/wp-content\/uploads\/2026\/03\/photo_2026-03-30_20-19-03-768x512.jpg 768w, https:\/\/hablemosclarotdf.com.ar\/wp-content\/uploads\/2026\/03\/photo_2026-03-30_20-19-03.jpg 1280w\" sizes=\"auto, (max-width: 300px) 100vw, 300px\" \/> <img loading=\"lazy\" decoding=\"async\" class=\"alignnone size-medium wp-image-70749\" src=\"https:\/\/hablemosclarotdf.com.ar\/wp-content\/uploads\/2026\/03\/photo_2026-03-30_20-19-11-300x200.jpg\" alt=\"\" width=\"300\" height=\"200\" srcset=\"https:\/\/hablemosclarotdf.com.ar\/wp-content\/uploads\/2026\/03\/photo_2026-03-30_20-19-11-300x200.jpg 300w, https:\/\/hablemosclarotdf.com.ar\/wp-content\/uploads\/2026\/03\/photo_2026-03-30_20-19-11-1024x682.jpg 1024w, https:\/\/hablemosclarotdf.com.ar\/wp-content\/uploads\/2026\/03\/photo_2026-03-30_20-19-11-768x512.jpg 768w, https:\/\/hablemosclarotdf.com.ar\/wp-content\/uploads\/2026\/03\/photo_2026-03-30_20-19-11.jpg 1280w\" sizes=\"auto, (max-width: 300px) 100vw, 300px\" \/> <img loading=\"lazy\" decoding=\"async\" class=\"alignnone size-medium wp-image-70750\" src=\"https:\/\/hablemosclarotdf.com.ar\/wp-content\/uploads\/2026\/03\/photo_2026-03-30_20-19-16-300x200.jpg\" alt=\"\" width=\"300\" height=\"200\" srcset=\"https:\/\/hablemosclarotdf.com.ar\/wp-content\/uploads\/2026\/03\/photo_2026-03-30_20-19-16-300x200.jpg 300w, https:\/\/hablemosclarotdf.com.ar\/wp-content\/uploads\/2026\/03\/photo_2026-03-30_20-19-16-1024x682.jpg 1024w, https:\/\/hablemosclarotdf.com.ar\/wp-content\/uploads\/2026\/03\/photo_2026-03-30_20-19-16-768x512.jpg 768w, https:\/\/hablemosclarotdf.com.ar\/wp-content\/uploads\/2026\/03\/photo_2026-03-30_20-19-16.jpg 1280w\" sizes=\"auto, (max-width: 300px) 100vw, 300px\" \/> <img loading=\"lazy\" decoding=\"async\" class=\"alignnone size-medium wp-image-70751\" src=\"https:\/\/hablemosclarotdf.com.ar\/wp-content\/uploads\/2026\/03\/photo_2026-03-30_20-19-21-200x300.jpg\" alt=\"\" width=\"200\" height=\"300\" srcset=\"https:\/\/hablemosclarotdf.com.ar\/wp-content\/uploads\/2026\/03\/photo_2026-03-30_20-19-21-200x300.jpg 200w, https:\/\/hablemosclarotdf.com.ar\/wp-content\/uploads\/2026\/03\/photo_2026-03-30_20-19-21-682x1024.jpg 682w, https:\/\/hablemosclarotdf.com.ar\/wp-content\/uploads\/2026\/03\/photo_2026-03-30_20-19-21-768x1152.jpg 768w, https:\/\/hablemosclarotdf.com.ar\/wp-content\/uploads\/2026\/03\/photo_2026-03-30_20-19-21.jpg 853w\" sizes=\"auto, (max-width: 200px) 100vw, 200px\" \/><\/p>\n","protected":false},"excerpt":{"rendered":"<p>La presidenta del Instituto Municipal de Deportes de Ushuaia, Liliana Gavil\u00e1n, valor\u00f3 la inauguraci\u00f3n de&#8230;<\/p>\n","protected":false},"author":1,"featured_media":70747,"comment_status":"closed","ping_status":"closed","sticky":false,"template":"","format":"standard","meta":{"footnotes":""},"categories":[3],"tags":[],"class_list":["post-70746","post","type-post","status-publish","format-standard","has-post-thumbnail","hentry","category-noticias"],"jetpack_featured_media_url":"https:\/\/hablemosclarotdf.com.ar\/wp-content\/uploads\/2026\/03\/photo_2026-03-30_20-18-53.jpg","_links":{"self":[{"href":"https:\/\/hablemosclarotdf.com.ar\/index.php?rest_route=\/wp\/v2\/posts\/70746","targetHints":{"allow":["GET"]}}],"collection":[{"href":"https:\/\/hablemosclarotdf.com.ar\/index.php?rest_route=\/wp\/v2\/posts"}],"about":[{"href":"https:\/\/hablemosclarotdf.com.ar\/index.php?rest_route=\/wp\/v2\/types\/post"}],"author":[{"embeddable":true,"href":"https:\/\/hablemosclarotdf.com.ar\/index.php?rest_route=\/wp\/v2\/users\/1"}],"replies":[{"embeddable":true,"href":"https:\/\/hablemosclarotdf.com.ar\/index.php?rest_route=%2Fwp%2Fv2%2Fcomments&post=70746"}],"version-history":[{"count":1,"href":"https:\/\/hablemosclarotdf.com.ar\/index.php?rest_route=\/wp\/v2\/posts\/70746\/revisions"}],"predecessor-version":[{"id":70752,"href":"https:\/\/hablemosclarotdf.com.ar\/index.php?rest_route=\/wp\/v2\/posts\/70746\/revisions\/70752"}],"wp:featuredmedia":[{"embeddable":true,"href":"https:\/\/hablemosclarotdf.com.ar\/index.php?rest_route=\/wp\/v2\/media\/70747"}],"wp:attachment":[{"href":"https:\/\/hablemosclarotdf.com.ar\/index.php?rest_route=%2Fwp%2Fv2%2Fmedia&parent=70746"}],"wp:term":[{"taxonomy":"category","embeddable":true,"href":"https:\/\/hablemosclarotdf.com.ar\/index.php?rest_route=%2Fwp%2Fv2%2Fcategories&post=70746"},{"taxonomy":"post_tag","embeddable":true,"href":"https:\/\/hablemosclarotdf.com.ar\/index.php?rest_route=%2Fwp%2Fv2%2Ftags&post=70746"}],"curies":[{"name":"wp","href":"https:\/\/api.w.org\/{rel}","templated":true}]}}