{"id":70731,"date":"2026-03-30T16:37:40","date_gmt":"2026-03-30T19:37:40","guid":{"rendered":"https:\/\/hablemosclarotdf.com.ar\/?p=70731"},"modified":"2026-03-30T16:37:40","modified_gmt":"2026-03-30T19:37:40","slug":"tolhuin-vivio-una-gran-jornada-de-atletismo-con-promesas-locales","status":"publish","type":"post","link":"https:\/\/hablemosclarotdf.com.ar\/?p=70731","title":{"rendered":"TOLHUIN VIVI\u00d3 UNA GRAN JORNADA DE ATLETISMO CON PROMESAS LOCALES"},"content":{"rendered":"<p>En las inmediaciones de la Casa del Deporte de la ciudad de Tolhuin, se llev\u00f3 adelante un torneo local de atletismo destinado a las categor\u00edas mini y juveniles, en una jornada marcada por el entusiasmo, la participaci\u00f3n y el crecimiento deportivo.<\/p>\n<p>La actividad reuni\u00f3 a m\u00e1s de 15 ni\u00f1os y ni\u00f1as que est\u00e1n dando sus primeros pasos en la disciplina, quienes participaron en pruebas de velocidad y salto bajo la coordinaci\u00f3n del profesor Nahuel. En un entorno pensado para el aprendizaje y la recreaci\u00f3n, los m\u00e1s peque\u00f1os pudieron comenzar a familiarizarse con la competencia, desarrollando habilidades b\u00e1sicas y fortaleciendo su v\u00ednculo con el deporte.<\/p>\n<p>En tanto, la categor\u00eda juvenil cont\u00f3 con la participaci\u00f3n de alrededor de 14 atletas, quienes, acompa\u00f1ados por el profesor Javier, se desempe\u00f1aron en distintas pruebas como lanzamiento de jabalina, disco y bala, adem\u00e1s de resistencia, salto en largo y salto en alto. All\u00ed se evidenci\u00f3 un muy buen nivel, compromiso y proyecci\u00f3n por parte de los deportistas.<\/p>\n<p>El encuentro se desarroll\u00f3 en un clima de compa\u00f1erismo y motivaci\u00f3n, donde cada participante tuvo la oportunidad de poner en pr\u00e1ctica lo trabajado en los entrenamientos y seguir sumando experiencia en competencia. Este tipo de iniciativas resultan fundamentales para fortalecer el atletismo en la ciudad y acompa\u00f1ar la formaci\u00f3n de nuevos talentos.<\/p>\n<p>RESULTADOS<\/p>\n<p>Velocidad<br \/>\n1\u00b0 Luana Portillo \u2013 13,7<br \/>\n2\u00b0 Luz Ganz \u2013 14,0<br \/>\n3\u00b0 Zoe Galeano \u2013 14,5<br \/>\n1\u00b0 Mait\u00e9n Civardi \u2013 11,8<br \/>\n2\u00b0 Fernanda Villar \u2013 11,9<br \/>\n3\u00b0 Tiziana P\u00e1ez \u2013 12,2<\/p>\n<p>Lanzamiento de jabalina<br \/>\n1\u00b0 Fernanda Villar \u2013 14,12 m<br \/>\n2\u00b0 Mait\u00e9n Civardi \u2013 14,10 m<br \/>\n3\u00b0 Tiziana P\u00e1ez \u2013 12,32 m<br \/>\nLanzamiento de disco<br \/>\n1\u00b0 Mait\u00e9n Civardi \u2013 7,71 m<br \/>\n2\u00b0 Luz Ganz \u2013 5,55 m<br \/>\n3\u00b0 Zoe Galeano \u2013 4,54 m<\/p>\n<p>Lanzamiento de bala<br \/>\n1\u00b0 Fernanda Villar \u2013 5,83 m<br \/>\n2\u00b0 Mait\u00e9n Civardi \u2013 5,70 m<br \/>\n3\u00b0 Luisina Cortez \u2013 4,95 m<\/p>\n<p>Salto en largo<br \/>\n1\u00b0 Tiziana P\u00e1ez \u2013 3,50 m<br \/>\n2\u00b0 Mait\u00e9n Civardi \u2013 3,44 m<br \/>\n3\u00b0 Fernanda Villar \u2013 3,04 m<br \/>\n1\u00b0 Ethan Andreu \u2013 3,47 m<\/p>\n<p>Salto en alto<br \/>\n1\u00b0 Marlen Navarro \u2013 1,15 m<br \/>\n2\u00b0 Luisina Cortez \u2013 1,10 m<br \/>\n3\u00b0 Zoe Galeano \u2013 0,70 m<\/p>\n<p><img loading=\"lazy\" decoding=\"async\" class=\"alignnone size-medium wp-image-70733\" src=\"https:\/\/hablemosclarotdf.com.ar\/wp-content\/uploads\/2026\/03\/photo_2026-03-30_16-35-59-300x200.jpg\" alt=\"\" width=\"300\" height=\"200\" srcset=\"https:\/\/hablemosclarotdf.com.ar\/wp-content\/uploads\/2026\/03\/photo_2026-03-30_16-35-59-300x200.jpg 300w, https:\/\/hablemosclarotdf.com.ar\/wp-content\/uploads\/2026\/03\/photo_2026-03-30_16-35-59-1024x682.jpg 1024w, https:\/\/hablemosclarotdf.com.ar\/wp-content\/uploads\/2026\/03\/photo_2026-03-30_16-35-59-768x511.jpg 768w, https:\/\/hablemosclarotdf.com.ar\/wp-content\/uploads\/2026\/03\/photo_2026-03-30_16-35-59.jpg 1280w\" sizes=\"auto, (max-width: 300px) 100vw, 300px\" \/> <img loading=\"lazy\" decoding=\"async\" class=\"alignnone size-medium wp-image-70734\" src=\"https:\/\/hablemosclarotdf.com.ar\/wp-content\/uploads\/2026\/03\/photo_2026-03-30_16-36-04-300x200.jpg\" alt=\"\" width=\"300\" height=\"200\" srcset=\"https:\/\/hablemosclarotdf.com.ar\/wp-content\/uploads\/2026\/03\/photo_2026-03-30_16-36-04-300x200.jpg 300w, https:\/\/hablemosclarotdf.com.ar\/wp-content\/uploads\/2026\/03\/photo_2026-03-30_16-36-04-1024x682.jpg 1024w, https:\/\/hablemosclarotdf.com.ar\/wp-content\/uploads\/2026\/03\/photo_2026-03-30_16-36-04-768x511.jpg 768w, https:\/\/hablemosclarotdf.com.ar\/wp-content\/uploads\/2026\/03\/photo_2026-03-30_16-36-04.jpg 1280w\" sizes=\"auto, (max-width: 300px) 100vw, 300px\" \/> <img loading=\"lazy\" decoding=\"async\" class=\"alignnone size-medium wp-image-70735\" src=\"https:\/\/hablemosclarotdf.com.ar\/wp-content\/uploads\/2026\/03\/photo_2026-03-30_16-36-07-300x200.jpg\" alt=\"\" width=\"300\" height=\"200\" srcset=\"https:\/\/hablemosclarotdf.com.ar\/wp-content\/uploads\/2026\/03\/photo_2026-03-30_16-36-07-300x200.jpg 300w, https:\/\/hablemosclarotdf.com.ar\/wp-content\/uploads\/2026\/03\/photo_2026-03-30_16-36-07-1024x682.jpg 1024w, https:\/\/hablemosclarotdf.com.ar\/wp-content\/uploads\/2026\/03\/photo_2026-03-30_16-36-07-768x511.jpg 768w, https:\/\/hablemosclarotdf.com.ar\/wp-content\/uploads\/2026\/03\/photo_2026-03-30_16-36-07.jpg 1280w\" sizes=\"auto, (max-width: 300px) 100vw, 300px\" \/> <img loading=\"lazy\" decoding=\"async\" class=\"alignnone size-medium wp-image-70736\" src=\"https:\/\/hablemosclarotdf.com.ar\/wp-content\/uploads\/2026\/03\/photo_2026-03-30_16-36-12-300x200.jpg\" alt=\"\" width=\"300\" height=\"200\" srcset=\"https:\/\/hablemosclarotdf.com.ar\/wp-content\/uploads\/2026\/03\/photo_2026-03-30_16-36-12-300x200.jpg 300w, https:\/\/hablemosclarotdf.com.ar\/wp-content\/uploads\/2026\/03\/photo_2026-03-30_16-36-12-1024x682.jpg 1024w, https:\/\/hablemosclarotdf.com.ar\/wp-content\/uploads\/2026\/03\/photo_2026-03-30_16-36-12-768x511.jpg 768w, https:\/\/hablemosclarotdf.com.ar\/wp-content\/uploads\/2026\/03\/photo_2026-03-30_16-36-12.jpg 1280w\" sizes=\"auto, (max-width: 300px) 100vw, 300px\" \/><\/p>\n","protected":false},"excerpt":{"rendered":"<p>En las inmediaciones de la Casa del Deporte de la ciudad de Tolhuin, se llev\u00f3&#8230;<\/p>\n","protected":false},"author":1,"featured_media":70732,"comment_status":"closed","ping_status":"closed","sticky":false,"template":"","format":"standard","meta":{"footnotes":""},"categories":[3],"tags":[],"class_list":["post-70731","post","type-post","status-publish","format-standard","has-post-thumbnail","hentry","category-noticias"],"jetpack_featured_media_url":"https:\/\/hablemosclarotdf.com.ar\/wp-content\/uploads\/2026\/03\/photo_2026-03-30_16-35-50.jpg","_links":{"self":[{"href":"https:\/\/hablemosclarotdf.com.ar\/index.php?rest_route=\/wp\/v2\/posts\/70731","targetHints":{"allow":["GET"]}}],"collection":[{"href":"https:\/\/hablemosclarotdf.com.ar\/index.php?rest_route=\/wp\/v2\/posts"}],"about":[{"href":"https:\/\/hablemosclarotdf.com.ar\/index.php?rest_route=\/wp\/v2\/types\/post"}],"author":[{"embeddable":true,"href":"https:\/\/hablemosclarotdf.com.ar\/index.php?rest_route=\/wp\/v2\/users\/1"}],"replies":[{"embeddable":true,"href":"https:\/\/hablemosclarotdf.com.ar\/index.php?rest_route=%2Fwp%2Fv2%2Fcomments&post=70731"}],"version-history":[{"count":1,"href":"https:\/\/hablemosclarotdf.com.ar\/index.php?rest_route=\/wp\/v2\/posts\/70731\/revisions"}],"predecessor-version":[{"id":70737,"href":"https:\/\/hablemosclarotdf.com.ar\/index.php?rest_route=\/wp\/v2\/posts\/70731\/revisions\/70737"}],"wp:featuredmedia":[{"embeddable":true,"href":"https:\/\/hablemosclarotdf.com.ar\/index.php?rest_route=\/wp\/v2\/media\/70732"}],"wp:attachment":[{"href":"https:\/\/hablemosclarotdf.com.ar\/index.php?rest_route=%2Fwp%2Fv2%2Fmedia&parent=70731"}],"wp:term":[{"taxonomy":"category","embeddable":true,"href":"https:\/\/hablemosclarotdf.com.ar\/index.php?rest_route=%2Fwp%2Fv2%2Fcategories&post=70731"},{"taxonomy":"post_tag","embeddable":true,"href":"https:\/\/hablemosclarotdf.com.ar\/index.php?rest_route=%2Fwp%2Fv2%2Ftags&post=70731"}],"curies":[{"name":"wp","href":"https:\/\/api.w.org\/{rel}","templated":true}]}}