{"id":70722,"date":"2026-03-30T16:33:31","date_gmt":"2026-03-30T19:33:31","guid":{"rendered":"https:\/\/hablemosclarotdf.com.ar\/?p=70722"},"modified":"2026-03-30T16:33:31","modified_gmt":"2026-03-30T19:33:31","slug":"mas-de-500-vecinos-accedieron-a-servicios-del-estado-en-una-jornada-territorial-en-ushuaia","status":"publish","type":"post","link":"https:\/\/hablemosclarotdf.com.ar\/?p=70722","title":{"rendered":"M\u00c1S DE 500 VECINOS ACCEDIERON A SERVICIOS DEL ESTADO EN UNA JORNADA TERRITORIAL EN USHUAIA"},"content":{"rendered":"<p>El barrio Mirador de los Andes de Ushuaia fue escenario de una jornada con fuerte participaci\u00f3n comunitaria, donde m\u00e1s de 500 personas se acercaron para resolver gestiones y acceder a servicios esenciales sin necesidad de trasladarse fuera de su barrio.<\/p>\n<p>La actividad se destac\u00f3 por la \u00e1gil atenci\u00f3n y la diversidad de prestaciones disponibles en simult\u00e1neo. Se realizaron aplicaciones de vacunas, tr\u00e1mites de documentaci\u00f3n, asesoramiento laboral y espacios de orientaci\u00f3n para distintas etapas de la vida. A esto se sumaron servicios gratuitos de peluquer\u00eda para las infancias, que tuvieron una alta demanda a lo largo de toda la jornada.<\/p>\n<p>Adem\u00e1s de la resoluci\u00f3n de tr\u00e1mites, el encuentro funcion\u00f3 como un espacio de cercan\u00eda, con propuestas pensadas para acompa\u00f1ar a las familias y generar instancias de participaci\u00f3n, especialmente para infancias y j\u00f3venes.<\/p>\n<p>Este operativo se enmarca en un esquema de trabajo territorial que ya viene despleg\u00e1ndose en distintos puntos de Ushuaia y que continuar\u00e1 ampli\u00e1ndose durante abril, incorporando nuevas zonas de la ciudad para sostener y extender el alcance de estos servicios.<\/p>\n<p>La iniciativa forma parte del programa \u201cGobierno en tu Barrio\u201d, que promueve el acceso directo a derechos y la presencia activa del Estado en cada sector de la comunidad.<\/p>\n<p><img loading=\"lazy\" decoding=\"async\" class=\"alignnone size-medium wp-image-70724\" src=\"https:\/\/hablemosclarotdf.com.ar\/wp-content\/uploads\/2026\/03\/photo_2026-03-30_16-30-49-300x200.jpg\" alt=\"\" width=\"300\" height=\"200\" srcset=\"https:\/\/hablemosclarotdf.com.ar\/wp-content\/uploads\/2026\/03\/photo_2026-03-30_16-30-49-300x200.jpg 300w, https:\/\/hablemosclarotdf.com.ar\/wp-content\/uploads\/2026\/03\/photo_2026-03-30_16-30-49-1024x684.jpg 1024w, https:\/\/hablemosclarotdf.com.ar\/wp-content\/uploads\/2026\/03\/photo_2026-03-30_16-30-49-768x513.jpg 768w, https:\/\/hablemosclarotdf.com.ar\/wp-content\/uploads\/2026\/03\/photo_2026-03-30_16-30-49.jpg 1280w\" sizes=\"auto, (max-width: 300px) 100vw, 300px\" \/> <img loading=\"lazy\" decoding=\"async\" class=\"alignnone size-medium wp-image-70725\" src=\"https:\/\/hablemosclarotdf.com.ar\/wp-content\/uploads\/2026\/03\/photo_2026-03-30_16-30-53-300x200.jpg\" alt=\"\" width=\"300\" height=\"200\" srcset=\"https:\/\/hablemosclarotdf.com.ar\/wp-content\/uploads\/2026\/03\/photo_2026-03-30_16-30-53-300x200.jpg 300w, https:\/\/hablemosclarotdf.com.ar\/wp-content\/uploads\/2026\/03\/photo_2026-03-30_16-30-53-1024x684.jpg 1024w, https:\/\/hablemosclarotdf.com.ar\/wp-content\/uploads\/2026\/03\/photo_2026-03-30_16-30-53-768x513.jpg 768w, https:\/\/hablemosclarotdf.com.ar\/wp-content\/uploads\/2026\/03\/photo_2026-03-30_16-30-53.jpg 1280w\" sizes=\"auto, (max-width: 300px) 100vw, 300px\" \/> <img loading=\"lazy\" decoding=\"async\" class=\"alignnone size-medium wp-image-70726\" src=\"https:\/\/hablemosclarotdf.com.ar\/wp-content\/uploads\/2026\/03\/photo_2026-03-30_16-31-00-300x200.jpg\" alt=\"\" width=\"300\" height=\"200\" srcset=\"https:\/\/hablemosclarotdf.com.ar\/wp-content\/uploads\/2026\/03\/photo_2026-03-30_16-31-00-300x200.jpg 300w, https:\/\/hablemosclarotdf.com.ar\/wp-content\/uploads\/2026\/03\/photo_2026-03-30_16-31-00-1024x684.jpg 1024w, https:\/\/hablemosclarotdf.com.ar\/wp-content\/uploads\/2026\/03\/photo_2026-03-30_16-31-00-768x513.jpg 768w, https:\/\/hablemosclarotdf.com.ar\/wp-content\/uploads\/2026\/03\/photo_2026-03-30_16-31-00.jpg 1280w\" sizes=\"auto, (max-width: 300px) 100vw, 300px\" \/> <img loading=\"lazy\" decoding=\"async\" class=\"alignnone size-medium wp-image-70727\" src=\"https:\/\/hablemosclarotdf.com.ar\/wp-content\/uploads\/2026\/03\/photo_2026-03-30_16-31-16-300x200.jpg\" alt=\"\" width=\"300\" height=\"200\" srcset=\"https:\/\/hablemosclarotdf.com.ar\/wp-content\/uploads\/2026\/03\/photo_2026-03-30_16-31-16-300x200.jpg 300w, https:\/\/hablemosclarotdf.com.ar\/wp-content\/uploads\/2026\/03\/photo_2026-03-30_16-31-16-1024x684.jpg 1024w, https:\/\/hablemosclarotdf.com.ar\/wp-content\/uploads\/2026\/03\/photo_2026-03-30_16-31-16-768x513.jpg 768w, https:\/\/hablemosclarotdf.com.ar\/wp-content\/uploads\/2026\/03\/photo_2026-03-30_16-31-16.jpg 1280w\" sizes=\"auto, (max-width: 300px) 100vw, 300px\" \/> <img loading=\"lazy\" decoding=\"async\" class=\"alignnone size-medium wp-image-70728\" src=\"https:\/\/hablemosclarotdf.com.ar\/wp-content\/uploads\/2026\/03\/photo_2026-03-30_16-31-23-300x200.jpg\" alt=\"\" width=\"300\" height=\"200\" srcset=\"https:\/\/hablemosclarotdf.com.ar\/wp-content\/uploads\/2026\/03\/photo_2026-03-30_16-31-23-300x200.jpg 300w, https:\/\/hablemosclarotdf.com.ar\/wp-content\/uploads\/2026\/03\/photo_2026-03-30_16-31-23-1024x684.jpg 1024w, https:\/\/hablemosclarotdf.com.ar\/wp-content\/uploads\/2026\/03\/photo_2026-03-30_16-31-23-768x513.jpg 768w, https:\/\/hablemosclarotdf.com.ar\/wp-content\/uploads\/2026\/03\/photo_2026-03-30_16-31-23.jpg 1280w\" sizes=\"auto, (max-width: 300px) 100vw, 300px\" \/><\/p>\n","protected":false},"excerpt":{"rendered":"<p>El barrio Mirador de los Andes de Ushuaia fue escenario de una jornada con fuerte&#8230;<\/p>\n","protected":false},"author":1,"featured_media":70723,"comment_status":"closed","ping_status":"closed","sticky":false,"template":"","format":"standard","meta":{"footnotes":""},"categories":[3],"tags":[],"class_list":["post-70722","post","type-post","status-publish","format-standard","has-post-thumbnail","hentry","category-noticias"],"jetpack_featured_media_url":"https:\/\/hablemosclarotdf.com.ar\/wp-content\/uploads\/2026\/03\/photo_2026-03-30_16-30-45.jpg","_links":{"self":[{"href":"https:\/\/hablemosclarotdf.com.ar\/index.php?rest_route=\/wp\/v2\/posts\/70722","targetHints":{"allow":["GET"]}}],"collection":[{"href":"https:\/\/hablemosclarotdf.com.ar\/index.php?rest_route=\/wp\/v2\/posts"}],"about":[{"href":"https:\/\/hablemosclarotdf.com.ar\/index.php?rest_route=\/wp\/v2\/types\/post"}],"author":[{"embeddable":true,"href":"https:\/\/hablemosclarotdf.com.ar\/index.php?rest_route=\/wp\/v2\/users\/1"}],"replies":[{"embeddable":true,"href":"https:\/\/hablemosclarotdf.com.ar\/index.php?rest_route=%2Fwp%2Fv2%2Fcomments&post=70722"}],"version-history":[{"count":1,"href":"https:\/\/hablemosclarotdf.com.ar\/index.php?rest_route=\/wp\/v2\/posts\/70722\/revisions"}],"predecessor-version":[{"id":70729,"href":"https:\/\/hablemosclarotdf.com.ar\/index.php?rest_route=\/wp\/v2\/posts\/70722\/revisions\/70729"}],"wp:featuredmedia":[{"embeddable":true,"href":"https:\/\/hablemosclarotdf.com.ar\/index.php?rest_route=\/wp\/v2\/media\/70723"}],"wp:attachment":[{"href":"https:\/\/hablemosclarotdf.com.ar\/index.php?rest_route=%2Fwp%2Fv2%2Fmedia&parent=70722"}],"wp:term":[{"taxonomy":"category","embeddable":true,"href":"https:\/\/hablemosclarotdf.com.ar\/index.php?rest_route=%2Fwp%2Fv2%2Fcategories&post=70722"},{"taxonomy":"post_tag","embeddable":true,"href":"https:\/\/hablemosclarotdf.com.ar\/index.php?rest_route=%2Fwp%2Fv2%2Ftags&post=70722"}],"curies":[{"name":"wp","href":"https:\/\/api.w.org\/{rel}","templated":true}]}}