{"id":70705,"date":"2026-03-30T16:21:26","date_gmt":"2026-03-30T19:21:26","guid":{"rendered":"https:\/\/hablemosclarotdf.com.ar\/?p=70705"},"modified":"2026-03-30T16:21:26","modified_gmt":"2026-03-30T19:21:26","slug":"rio-grande-articulacion-municipio-cemep-se-realizo-una-jornada-de-enfermeria-en-urologia","status":"publish","type":"post","link":"https:\/\/hablemosclarotdf.com.ar\/?p=70705","title":{"rendered":"RIO GRANDE : ARTICULACI\u00d3N MUNICIPIO-CEMEP: SE REALIZ\u00d3 UNA JORNADA DE ENFERMER\u00cdA EN UROLOG\u00cdA"},"content":{"rendered":"<p>Personal de enfermer\u00eda y estudiantes de la ciudad se sumaron a esta instancia de formaci\u00f3n con modalidad te\u00f3rico-pr\u00e1ctica. La misma se desarroll\u00f3 en el Espacio Tecnol\u00f3gico y cont\u00f3 con la participaci\u00f3n de alrededor de 200 inscriptos.<\/p>\n<p>El pasado s\u00e1bado, el Municipio de R\u00edo Grande, en conjunto con la Cl\u00ednica CEMEP, llev\u00f3 adelante la jornada \u201cCuidados de Enfermer\u00eda en Urolog\u00eda\u201d. Durante la cual, se abordaron contenidos vinculados al manejo urol\u00f3gico de sonda vesical y ostom\u00edas urinarias, brindando herramientas y conocimientos espec\u00edficos para fortalecer la pr\u00e1ctica profesional en el \u00e1mbito de la salud.<\/p>\n<p>Las exposiciones estuvieron a cargo del Dr. Marcelo Oliva, junto a los doctores Pablo Vives y Enzo Czachursky, quienes compartieron su experiencia y saberes con las y los participantes.<\/p>\n<p>En este marco, el subsecretario de Salud, Dr. Agust\u00edn Perez, destac\u00f3 la realizaci\u00f3n de esta primera jornada de enfermer\u00eda abierta a toda la comunidad y al personal de salud.<\/p>\n<p>Destac\u00f3 la importancia del trabajo articulado entre el Municipio y la Cl\u00ednica CEMEP al se\u00f1alar que \u201cpoder continuar afianzando estos v\u00ednculos es muy importante para nosotros. La articulaci\u00f3n p\u00fablico-privada nos permiti\u00f3 seguir creciendo, en un contexto donde la salud requiere cada vez m\u00e1s tecnolog\u00eda, aprendizaje y conocimiento\u201d.<\/p>\n<p>Finalmente, Perez subray\u00f3 la convocatoria de la propuesta y su proyecci\u00f3n a futuro. \u201cEstamos muy agradecidos y contentos por la gran participaci\u00f3n, con m\u00e1s de 200 inscriptos. Que esta sea la primera jornada del a\u00f1o es muy significativo para continuar fortaleciendo la formaci\u00f3n y capacitaci\u00f3n del personal de salud\u201d.<\/p>\n<p>Por su parte, el gerente general de la Cl\u00ednica CEMEP, Dr. Francisco De Bello, remarc\u00f3 la importancia del trabajo conjunto entre los sectores p\u00fablico y privado. \u201cLa sinergia entre ambos permiti\u00f3 compartir informaci\u00f3n y generar una mayor capacidad de respuesta, haciendo los sistemas m\u00e1s eficientes\u201d, afirm\u00f3.<\/p>\n<p>Asimismo, subray\u00f3 el crecimiento de la demanda en el \u00e1mbito de la salud y la necesidad de acompa\u00f1ar ese proceso con formaci\u00f3n continua: \u201cLa medicina avanz\u00f3 a pasos agigantados, especialmente en tecnolog\u00eda. Sin capacitaci\u00f3n, los profesionales se quedan atr\u00e1s, por eso estos encuentros permiten familiarizarse con nuevas t\u00e9cnicas y herramientas\u201d.<\/p>\n<p>En esa l\u00ednea, destac\u00f3 que \u201ctrabajar de manera articulada es la \u00fanica forma de avanzar m\u00e1s r\u00e1pido\u201d, y valor\u00f3 la convocatoria alcanzada.<\/p>\n<p>Finalmente, el m\u00e9dico ur\u00f3logo Dr. Marcelo Oliva expres\u00f3 su satisfacci\u00f3n por el desarrollo de la jornada. Se\u00f1al\u00f3 que el objetivo principal fue \u201cque realmente les sirva a quienes participaron, no solo con contenidos te\u00f3ricos, sino tambi\u00e9n con instancias pr\u00e1cticas m\u00e1s personalizadas para resolver dudas y fortalecer el aprendizaje\u201d.<\/p>\n<p>Oliva tambi\u00e9n se refiri\u00f3 a la importancia de los controles en urolog\u00eda y remarc\u00f3 que \u201ctrabajamos permanentemente para desmitificar la especialidad y que la comunidad pierda el temor de acercarse\u201d.<\/p>\n<p>De esta manera, el Municipio contin\u00faa promoviendo espacios de formaci\u00f3n y actualizaci\u00f3n, contribuyendo al fortalecimiento del sistema de salud local y al desarrollo profesional del personal de salud.<\/p>\n<p><img loading=\"lazy\" decoding=\"async\" class=\"alignnone size-medium wp-image-70707\" src=\"https:\/\/hablemosclarotdf.com.ar\/wp-content\/uploads\/2026\/03\/photo_2026-03-30_16-16-49-300x169.jpg\" alt=\"\" width=\"300\" height=\"169\" srcset=\"https:\/\/hablemosclarotdf.com.ar\/wp-content\/uploads\/2026\/03\/photo_2026-03-30_16-16-49-300x169.jpg 300w, https:\/\/hablemosclarotdf.com.ar\/wp-content\/uploads\/2026\/03\/photo_2026-03-30_16-16-49-1024x576.jpg 1024w, https:\/\/hablemosclarotdf.com.ar\/wp-content\/uploads\/2026\/03\/photo_2026-03-30_16-16-49-768x432.jpg 768w, https:\/\/hablemosclarotdf.com.ar\/wp-content\/uploads\/2026\/03\/photo_2026-03-30_16-16-49.jpg 1280w\" sizes=\"auto, (max-width: 300px) 100vw, 300px\" \/> <img loading=\"lazy\" decoding=\"async\" class=\"alignnone size-medium wp-image-70708\" src=\"https:\/\/hablemosclarotdf.com.ar\/wp-content\/uploads\/2026\/03\/photo_2026-03-30_16-16-55-300x200.jpg\" alt=\"\" width=\"300\" height=\"200\" srcset=\"https:\/\/hablemosclarotdf.com.ar\/wp-content\/uploads\/2026\/03\/photo_2026-03-30_16-16-55-300x200.jpg 300w, https:\/\/hablemosclarotdf.com.ar\/wp-content\/uploads\/2026\/03\/photo_2026-03-30_16-16-55-1024x682.jpg 1024w, https:\/\/hablemosclarotdf.com.ar\/wp-content\/uploads\/2026\/03\/photo_2026-03-30_16-16-55-768x511.jpg 768w, https:\/\/hablemosclarotdf.com.ar\/wp-content\/uploads\/2026\/03\/photo_2026-03-30_16-16-55.jpg 1280w\" sizes=\"auto, (max-width: 300px) 100vw, 300px\" \/> <img loading=\"lazy\" decoding=\"async\" class=\"alignnone size-medium wp-image-70709\" src=\"https:\/\/hablemosclarotdf.com.ar\/wp-content\/uploads\/2026\/03\/photo_2026-03-30_16-17-36-300x169.jpg\" alt=\"\" width=\"300\" height=\"169\" srcset=\"https:\/\/hablemosclarotdf.com.ar\/wp-content\/uploads\/2026\/03\/photo_2026-03-30_16-17-36-300x169.jpg 300w, https:\/\/hablemosclarotdf.com.ar\/wp-content\/uploads\/2026\/03\/photo_2026-03-30_16-17-36-1024x576.jpg 1024w, https:\/\/hablemosclarotdf.com.ar\/wp-content\/uploads\/2026\/03\/photo_2026-03-30_16-17-36-768x432.jpg 768w, https:\/\/hablemosclarotdf.com.ar\/wp-content\/uploads\/2026\/03\/photo_2026-03-30_16-17-36.jpg 1280w\" sizes=\"auto, (max-width: 300px) 100vw, 300px\" \/> <img loading=\"lazy\" decoding=\"async\" class=\"alignnone size-medium wp-image-70710\" src=\"https:\/\/hablemosclarotdf.com.ar\/wp-content\/uploads\/2026\/03\/photo_2026-03-30_16-17-44-300x169.jpg\" alt=\"\" width=\"300\" height=\"169\" srcset=\"https:\/\/hablemosclarotdf.com.ar\/wp-content\/uploads\/2026\/03\/photo_2026-03-30_16-17-44-300x169.jpg 300w, https:\/\/hablemosclarotdf.com.ar\/wp-content\/uploads\/2026\/03\/photo_2026-03-30_16-17-44-1024x576.jpg 1024w, https:\/\/hablemosclarotdf.com.ar\/wp-content\/uploads\/2026\/03\/photo_2026-03-30_16-17-44-768x432.jpg 768w, https:\/\/hablemosclarotdf.com.ar\/wp-content\/uploads\/2026\/03\/photo_2026-03-30_16-17-44.jpg 1280w\" sizes=\"auto, (max-width: 300px) 100vw, 300px\" \/><\/p>\n","protected":false},"excerpt":{"rendered":"<p>Personal de enfermer\u00eda y estudiantes de la ciudad se sumaron a esta instancia de formaci\u00f3n&#8230;<\/p>\n","protected":false},"author":1,"featured_media":70706,"comment_status":"closed","ping_status":"closed","sticky":false,"template":"","format":"standard","meta":{"footnotes":""},"categories":[3],"tags":[],"class_list":["post-70705","post","type-post","status-publish","format-standard","has-post-thumbnail","hentry","category-noticias"],"jetpack_featured_media_url":"https:\/\/hablemosclarotdf.com.ar\/wp-content\/uploads\/2026\/03\/photo_2026-03-30_16-15-34.jpg","_links":{"self":[{"href":"https:\/\/hablemosclarotdf.com.ar\/index.php?rest_route=\/wp\/v2\/posts\/70705","targetHints":{"allow":["GET"]}}],"collection":[{"href":"https:\/\/hablemosclarotdf.com.ar\/index.php?rest_route=\/wp\/v2\/posts"}],"about":[{"href":"https:\/\/hablemosclarotdf.com.ar\/index.php?rest_route=\/wp\/v2\/types\/post"}],"author":[{"embeddable":true,"href":"https:\/\/hablemosclarotdf.com.ar\/index.php?rest_route=\/wp\/v2\/users\/1"}],"replies":[{"embeddable":true,"href":"https:\/\/hablemosclarotdf.com.ar\/index.php?rest_route=%2Fwp%2Fv2%2Fcomments&post=70705"}],"version-history":[{"count":1,"href":"https:\/\/hablemosclarotdf.com.ar\/index.php?rest_route=\/wp\/v2\/posts\/70705\/revisions"}],"predecessor-version":[{"id":70711,"href":"https:\/\/hablemosclarotdf.com.ar\/index.php?rest_route=\/wp\/v2\/posts\/70705\/revisions\/70711"}],"wp:featuredmedia":[{"embeddable":true,"href":"https:\/\/hablemosclarotdf.com.ar\/index.php?rest_route=\/wp\/v2\/media\/70706"}],"wp:attachment":[{"href":"https:\/\/hablemosclarotdf.com.ar\/index.php?rest_route=%2Fwp%2Fv2%2Fmedia&parent=70705"}],"wp:term":[{"taxonomy":"category","embeddable":true,"href":"https:\/\/hablemosclarotdf.com.ar\/index.php?rest_route=%2Fwp%2Fv2%2Fcategories&post=70705"},{"taxonomy":"post_tag","embeddable":true,"href":"https:\/\/hablemosclarotdf.com.ar\/index.php?rest_route=%2Fwp%2Fv2%2Ftags&post=70705"}],"curies":[{"name":"wp","href":"https:\/\/api.w.org\/{rel}","templated":true}]}}