{"id":70682,"date":"2026-03-30T15:59:07","date_gmt":"2026-03-30T18:59:07","guid":{"rendered":"https:\/\/hablemosclarotdf.com.ar\/?p=70682"},"modified":"2026-03-30T15:59:07","modified_gmt":"2026-03-30T18:59:07","slug":"rio-grande-el-municipio-abre-las-inscripciones-para-la-oferta-deportiva-de-la-ciudad","status":"publish","type":"post","link":"https:\/\/hablemosclarotdf.com.ar\/?p=70682","title":{"rendered":"RIO GRANDE : EL MUNICIPIO ABRE LAS INSCRIPCIONES PARA LA OFERTA DEPORTIVA DE LA CIUDAD"},"content":{"rendered":"<p>El Municipio de R\u00edo Grande invita a vecinos y vecinas a sumarse a una amplia propuesta deportiva pensada para todas las edades y niveles. Son m\u00e1s de 30 las disciplinas que se desarrollar\u00e1n a lo largo del a\u00f1o en los distintos establecimientos deportivos municipales.<\/p>\n<p>La Agencia de Deportes, Cultura y Turismo, informa que este lunes 30 de marzo, a las 10 horas, abrir\u00e1n las inscripciones para las actividades deportivas que se desarrollar\u00e1n durante 2026.<\/p>\n<p>Las inscripciones se realizar\u00e1n de manera online a trav\u00e9s del portal https:\/\/portalciudadano.riogrande.gob.ar\/, facilitando el acceso de vecinos y vecinas de toda la ciudad a las distintas propuestas.<\/p>\n<p>La oferta incluye una amplia variedad de disciplinas destinadas a todas las edades y niveles. Entre ellas se destacan: acondicionamiento f\u00edsico, acrobacia en tela, atletismo, bajo impacto, b\u00e1squet, BMX, boxeo, combate aer\u00f3bico, EFI, escuela de runners, escalada deportiva, f\u00fatbol, futsal, GAP, gimnasia para adultos, gimnasia art\u00edstica y r\u00edtmica, handball, hockey, iniciaci\u00f3n al deporte, jiu jitsu, judo, karate do shotokan, levantamiento ol\u00edmpico, lucha ol\u00edmpica, mountain bike, newcom, pilates, preparaci\u00f3n integral deportiva, sapo, scooter, stretching, taekwondo IT y WT, tejo, tenis de mesa, v\u00f3ley, yoga y zumba.<\/p>\n<p>Esta propuesta forma parte de una decisi\u00f3n pol\u00edtica sostenida de la gesti\u00f3n municipal de consolidar al deporte como una prioridad, entendi\u00e9ndolo como una herramienta clave para la inclusi\u00f3n, la prevenci\u00f3n en salud, la construcci\u00f3n de comunidad y el acompa\u00f1amiento integral de ni\u00f1os, j\u00f3venes, personas adultas y mayores.<\/p>\n<p>Quienes deseen inscribirse podr\u00e1n hacerlo ingresando al portal mencionado, donde encontrar\u00e1n toda la informaci\u00f3n detallada sobre las propuestas disponibles.<\/p>\n<p>De esta manera, el Municipio de R\u00edo Grande contin\u00faa impulsando pol\u00edticas p\u00fablicas que promueven el acceso al deporte, acompa\u00f1ando el bienestar f\u00edsico, emocional y social de la comunidad, y fortaleciendo los espacios de encuentro, aprendizaje y desarrollo colectivo.<\/p>\n<p><img loading=\"lazy\" decoding=\"async\" class=\"alignnone size-medium wp-image-70684\" src=\"https:\/\/hablemosclarotdf.com.ar\/wp-content\/uploads\/2026\/03\/photo_2026-03-30_15-57-29-300x200.jpg\" alt=\"\" width=\"300\" height=\"200\" srcset=\"https:\/\/hablemosclarotdf.com.ar\/wp-content\/uploads\/2026\/03\/photo_2026-03-30_15-57-29-300x200.jpg 300w, https:\/\/hablemosclarotdf.com.ar\/wp-content\/uploads\/2026\/03\/photo_2026-03-30_15-57-29-1024x684.jpg 1024w, https:\/\/hablemosclarotdf.com.ar\/wp-content\/uploads\/2026\/03\/photo_2026-03-30_15-57-29-768x513.jpg 768w, https:\/\/hablemosclarotdf.com.ar\/wp-content\/uploads\/2026\/03\/photo_2026-03-30_15-57-29.jpg 1280w\" sizes=\"auto, (max-width: 300px) 100vw, 300px\" \/> <img loading=\"lazy\" decoding=\"async\" class=\"alignnone size-medium wp-image-70685\" src=\"https:\/\/hablemosclarotdf.com.ar\/wp-content\/uploads\/2026\/03\/photo_2026-03-30_15-57-35-300x200.jpg\" alt=\"\" width=\"300\" height=\"200\" srcset=\"https:\/\/hablemosclarotdf.com.ar\/wp-content\/uploads\/2026\/03\/photo_2026-03-30_15-57-35-300x200.jpg 300w, https:\/\/hablemosclarotdf.com.ar\/wp-content\/uploads\/2026\/03\/photo_2026-03-30_15-57-35-1024x682.jpg 1024w, https:\/\/hablemosclarotdf.com.ar\/wp-content\/uploads\/2026\/03\/photo_2026-03-30_15-57-35-768x512.jpg 768w, https:\/\/hablemosclarotdf.com.ar\/wp-content\/uploads\/2026\/03\/photo_2026-03-30_15-57-35.jpg 1280w\" sizes=\"auto, (max-width: 300px) 100vw, 300px\" \/> <img loading=\"lazy\" decoding=\"async\" class=\"alignnone size-medium wp-image-70686\" src=\"https:\/\/hablemosclarotdf.com.ar\/wp-content\/uploads\/2026\/03\/photo_2026-03-30_15-57-38-300x200.jpg\" alt=\"\" width=\"300\" height=\"200\" srcset=\"https:\/\/hablemosclarotdf.com.ar\/wp-content\/uploads\/2026\/03\/photo_2026-03-30_15-57-38-300x200.jpg 300w, https:\/\/hablemosclarotdf.com.ar\/wp-content\/uploads\/2026\/03\/photo_2026-03-30_15-57-38-1024x682.jpg 1024w, https:\/\/hablemosclarotdf.com.ar\/wp-content\/uploads\/2026\/03\/photo_2026-03-30_15-57-38-768x511.jpg 768w, https:\/\/hablemosclarotdf.com.ar\/wp-content\/uploads\/2026\/03\/photo_2026-03-30_15-57-38.jpg 1280w\" sizes=\"auto, (max-width: 300px) 100vw, 300px\" \/> <img loading=\"lazy\" decoding=\"async\" class=\"alignnone size-medium wp-image-70687\" src=\"https:\/\/hablemosclarotdf.com.ar\/wp-content\/uploads\/2026\/03\/photo_2026-03-30_15-57-43-300x200.jpg\" alt=\"\" width=\"300\" height=\"200\" srcset=\"https:\/\/hablemosclarotdf.com.ar\/wp-content\/uploads\/2026\/03\/photo_2026-03-30_15-57-43-300x200.jpg 300w, https:\/\/hablemosclarotdf.com.ar\/wp-content\/uploads\/2026\/03\/photo_2026-03-30_15-57-43-1024x682.jpg 1024w, https:\/\/hablemosclarotdf.com.ar\/wp-content\/uploads\/2026\/03\/photo_2026-03-30_15-57-43-768x512.jpg 768w, https:\/\/hablemosclarotdf.com.ar\/wp-content\/uploads\/2026\/03\/photo_2026-03-30_15-57-43.jpg 1280w\" sizes=\"auto, (max-width: 300px) 100vw, 300px\" \/><\/p>\n","protected":false},"excerpt":{"rendered":"<p>El Municipio de R\u00edo Grande invita a vecinos y vecinas a sumarse a una amplia&#8230;<\/p>\n","protected":false},"author":1,"featured_media":70683,"comment_status":"closed","ping_status":"closed","sticky":false,"template":"","format":"standard","meta":{"footnotes":""},"categories":[3],"tags":[],"class_list":["post-70682","post","type-post","status-publish","format-standard","has-post-thumbnail","hentry","category-noticias"],"jetpack_featured_media_url":"https:\/\/hablemosclarotdf.com.ar\/wp-content\/uploads\/2026\/03\/photo_2026-03-30_15-56-57.jpg","_links":{"self":[{"href":"https:\/\/hablemosclarotdf.com.ar\/index.php?rest_route=\/wp\/v2\/posts\/70682","targetHints":{"allow":["GET"]}}],"collection":[{"href":"https:\/\/hablemosclarotdf.com.ar\/index.php?rest_route=\/wp\/v2\/posts"}],"about":[{"href":"https:\/\/hablemosclarotdf.com.ar\/index.php?rest_route=\/wp\/v2\/types\/post"}],"author":[{"embeddable":true,"href":"https:\/\/hablemosclarotdf.com.ar\/index.php?rest_route=\/wp\/v2\/users\/1"}],"replies":[{"embeddable":true,"href":"https:\/\/hablemosclarotdf.com.ar\/index.php?rest_route=%2Fwp%2Fv2%2Fcomments&post=70682"}],"version-history":[{"count":1,"href":"https:\/\/hablemosclarotdf.com.ar\/index.php?rest_route=\/wp\/v2\/posts\/70682\/revisions"}],"predecessor-version":[{"id":70688,"href":"https:\/\/hablemosclarotdf.com.ar\/index.php?rest_route=\/wp\/v2\/posts\/70682\/revisions\/70688"}],"wp:featuredmedia":[{"embeddable":true,"href":"https:\/\/hablemosclarotdf.com.ar\/index.php?rest_route=\/wp\/v2\/media\/70683"}],"wp:attachment":[{"href":"https:\/\/hablemosclarotdf.com.ar\/index.php?rest_route=%2Fwp%2Fv2%2Fmedia&parent=70682"}],"wp:term":[{"taxonomy":"category","embeddable":true,"href":"https:\/\/hablemosclarotdf.com.ar\/index.php?rest_route=%2Fwp%2Fv2%2Fcategories&post=70682"},{"taxonomy":"post_tag","embeddable":true,"href":"https:\/\/hablemosclarotdf.com.ar\/index.php?rest_route=%2Fwp%2Fv2%2Ftags&post=70682"}],"curies":[{"name":"wp","href":"https:\/\/api.w.org\/{rel}","templated":true}]}}