{"id":70677,"date":"2026-03-30T15:55:41","date_gmt":"2026-03-30T18:55:41","guid":{"rendered":"https:\/\/hablemosclarotdf.com.ar\/?p=70677"},"modified":"2026-03-30T15:55:41","modified_gmt":"2026-03-30T18:55:41","slug":"ushuaia-river-llega-a-ushuaia-y-rio-grande-con-jornadas-de-captacion-de-talentos","status":"publish","type":"post","link":"https:\/\/hablemosclarotdf.com.ar\/?p=70677","title":{"rendered":"USHUAIA : RIVER LLEGA A USHUAIA Y R\u00cdO GRANDE CON JORNADAS DE CAPTACI\u00d3N DE TALENTOS"},"content":{"rendered":"<p>De la mano de la Municipalidad de Ushuaia, el Club Atl\u00e9tico River Plate llevar\u00e1 adelante jornadas de captaci\u00f3n de f\u00fatbol formativo destinadas a j\u00f3venes de las categor\u00edas 2012 a 2019, generando una gran oportunidad para que futbolistas fueguinos puedan mostrar su talento.<\/p>\n<p>Las actividades se desarrollar\u00e1n el jueves 2 de abril en Ushuaia, en las instalaciones del Club CAEF, mientras que el viernes 3 de abril se realizar\u00e1n en la ciudad de R\u00edo Grande, en el Club San Mart\u00edn. Las jornadas contar\u00e1n con la presencia de los captadores Cristian Servera y Mariano Tedesco, integrantes del Departamento de Captaci\u00f3n de la instituci\u00f3n.<\/p>\n<p>La presidenta del Instituto Municipal de Deportes, Liliana Gavil\u00e1n, destac\u00f3 que \u201cpara nosotros es muy importante generar este tipo de oportunidades, donde las y los j\u00f3venes puedan ser observados por instituciones de primer nivel del f\u00fatbol argentino\u201d.<\/p>\n<p>En esa l\u00ednea, subray\u00f3 que \u201cla llegada de River a nuestra ciudad refleja el compromiso de seguir fortaleciendo el deporte local y acompa\u00f1ar a quienes sue\u00f1an con desarrollarse en esta disciplina\u201d.<\/p>\n<p>Adem\u00e1s, Gavil\u00e1n remarc\u00f3 que \u201cdesde el Municipio trabajamos para que el deporte sea una herramienta de inclusi\u00f3n, formaci\u00f3n y crecimiento, y estas instancias permiten abrir nuevas puertas para nuestros chicos y chicas\u201d.<\/p>\n<p>Las inscripciones se realizan a trav\u00e9s del tel\u00e9fono 2901 611697, y se invita a las familias a acompa\u00f1ar a las y los j\u00f3venes en esta experiencia que representa un paso importante en su camino deportivo.<\/p>\n<p><img loading=\"lazy\" decoding=\"async\" class=\"alignnone size-medium wp-image-70679\" src=\"https:\/\/hablemosclarotdf.com.ar\/wp-content\/uploads\/2026\/03\/photo_2026-03-30_15-54-32-240x300.jpg\" alt=\"\" width=\"240\" height=\"300\" srcset=\"https:\/\/hablemosclarotdf.com.ar\/wp-content\/uploads\/2026\/03\/photo_2026-03-30_15-54-32-240x300.jpg 240w, https:\/\/hablemosclarotdf.com.ar\/wp-content\/uploads\/2026\/03\/photo_2026-03-30_15-54-32-819x1024.jpg 819w, https:\/\/hablemosclarotdf.com.ar\/wp-content\/uploads\/2026\/03\/photo_2026-03-30_15-54-32-768x960.jpg 768w, https:\/\/hablemosclarotdf.com.ar\/wp-content\/uploads\/2026\/03\/photo_2026-03-30_15-54-32.jpg 1024w\" sizes=\"auto, (max-width: 240px) 100vw, 240px\" \/> <img loading=\"lazy\" decoding=\"async\" class=\"alignnone size-medium wp-image-70680\" src=\"https:\/\/hablemosclarotdf.com.ar\/wp-content\/uploads\/2026\/03\/photo_2026-03-30_15-54-38-240x300.jpg\" alt=\"\" width=\"240\" height=\"300\" srcset=\"https:\/\/hablemosclarotdf.com.ar\/wp-content\/uploads\/2026\/03\/photo_2026-03-30_15-54-38-240x300.jpg 240w, https:\/\/hablemosclarotdf.com.ar\/wp-content\/uploads\/2026\/03\/photo_2026-03-30_15-54-38-819x1024.jpg 819w, https:\/\/hablemosclarotdf.com.ar\/wp-content\/uploads\/2026\/03\/photo_2026-03-30_15-54-38-768x960.jpg 768w, https:\/\/hablemosclarotdf.com.ar\/wp-content\/uploads\/2026\/03\/photo_2026-03-30_15-54-38.jpg 1024w\" sizes=\"auto, (max-width: 240px) 100vw, 240px\" \/><\/p>\n","protected":false},"excerpt":{"rendered":"<p>De la mano de la Municipalidad de Ushuaia, el Club Atl\u00e9tico River Plate llevar\u00e1 adelante&#8230;<\/p>\n","protected":false},"author":1,"featured_media":70678,"comment_status":"closed","ping_status":"closed","sticky":false,"template":"","format":"standard","meta":{"footnotes":""},"categories":[3],"tags":[],"class_list":["post-70677","post","type-post","status-publish","format-standard","has-post-thumbnail","hentry","category-noticias"],"jetpack_featured_media_url":"https:\/\/hablemosclarotdf.com.ar\/wp-content\/uploads\/2026\/03\/photo_2026-03-30_15-54-21.jpg","_links":{"self":[{"href":"https:\/\/hablemosclarotdf.com.ar\/index.php?rest_route=\/wp\/v2\/posts\/70677","targetHints":{"allow":["GET"]}}],"collection":[{"href":"https:\/\/hablemosclarotdf.com.ar\/index.php?rest_route=\/wp\/v2\/posts"}],"about":[{"href":"https:\/\/hablemosclarotdf.com.ar\/index.php?rest_route=\/wp\/v2\/types\/post"}],"author":[{"embeddable":true,"href":"https:\/\/hablemosclarotdf.com.ar\/index.php?rest_route=\/wp\/v2\/users\/1"}],"replies":[{"embeddable":true,"href":"https:\/\/hablemosclarotdf.com.ar\/index.php?rest_route=%2Fwp%2Fv2%2Fcomments&post=70677"}],"version-history":[{"count":1,"href":"https:\/\/hablemosclarotdf.com.ar\/index.php?rest_route=\/wp\/v2\/posts\/70677\/revisions"}],"predecessor-version":[{"id":70681,"href":"https:\/\/hablemosclarotdf.com.ar\/index.php?rest_route=\/wp\/v2\/posts\/70677\/revisions\/70681"}],"wp:featuredmedia":[{"embeddable":true,"href":"https:\/\/hablemosclarotdf.com.ar\/index.php?rest_route=\/wp\/v2\/media\/70678"}],"wp:attachment":[{"href":"https:\/\/hablemosclarotdf.com.ar\/index.php?rest_route=%2Fwp%2Fv2%2Fmedia&parent=70677"}],"wp:term":[{"taxonomy":"category","embeddable":true,"href":"https:\/\/hablemosclarotdf.com.ar\/index.php?rest_route=%2Fwp%2Fv2%2Fcategories&post=70677"},{"taxonomy":"post_tag","embeddable":true,"href":"https:\/\/hablemosclarotdf.com.ar\/index.php?rest_route=%2Fwp%2Fv2%2Ftags&post=70677"}],"curies":[{"name":"wp","href":"https:\/\/api.w.org\/{rel}","templated":true}]}}