{"id":70662,"date":"2026-03-30T06:12:05","date_gmt":"2026-03-30T09:12:05","guid":{"rendered":"https:\/\/hablemosclarotdf.com.ar\/?p=70662"},"modified":"2026-03-30T06:12:05","modified_gmt":"2026-03-30T09:12:05","slug":"ushuaia-la-municipalidad-impulsara-3-nuevas-propuestas-de-los-talleres-culturales","status":"publish","type":"post","link":"https:\/\/hablemosclarotdf.com.ar\/?p=70662","title":{"rendered":"USHUAIA : LA MUNICIPALIDAD  IMPULSAR\u00c1 3 NUEVAS PROPUESTAS DE LOS TALLERES CULTURALES"},"content":{"rendered":"<p>Las y los interesados podr\u00e1n inscribirse v\u00eda WhatsApp<\/p>\n<p>La Secretar\u00eda de Pol\u00edticas Ambientales, Culturales y Educativas de la Municipalidad de Ushuaia informa a la comunidad que se impulsar\u00e1n 3 nuevas propuestas culturales. Qui\u00e9nes deseen inscribirse, podr\u00e1n hacerlo a trav\u00e9s del WhatsApp 2901-400987.<br \/>\nCon inicio el d\u00eda martes 31 de marzo, se brindar\u00e1 el Taller de Lengua de se\u00f1as argentinas a cargo de la profesora Marca Lacuadra. El mismo tendr\u00e1 una duraci\u00f3n de 8 encuentros y est\u00e1 destinado a j\u00f3venes mayores de 16 a\u00f1os y adultos, dict\u00e1ndose en los talleres culturales municipales de calle Fagnano N\u00b0 486 los martes y jueves de 17:45 a 18:45 horas. As\u00ed tambi\u00e9n estar\u00e1 el seminario de Acuarela, por el profesor Omar Hirsig, que comenzar\u00e1 el d\u00eda s\u00e1bado 4 de abril y tendr\u00e1 una duraci\u00f3n de 4 encuentros en los talleres culturales municipales estando destinado a adultos mayores de 18 a\u00f1os y con horarios de 17:00 a 19:00 horas. Finalizando, se encuentra el seminario de Retrato con la profesora Fernanda Rivera Luque. Esta propuesta dar\u00e1 inicio el mi\u00e9rcoles 8 de abril, con clases de 18:00 a 20:00 horas en los talleres de calle Fagnano y est\u00e1 dirigido a j\u00f3venes mayores de 16 a\u00f1os y adultos.<br \/>\nDavid Ferreyra, secretario de Pol\u00edticas Ambientales, Culturales y Educativas, detall\u00f3 que \u201cdesde la gesti\u00f3n del intendente Walter Vuoto tenemos la firme convicci\u00f3n de seguir apostando a desarrollar espacios de aprendizaje y recreaci\u00f3n para todos los vecinos y vecinas, entendiendo que los talleres no solo ense\u00f1an sino que construyen comunidad\u201d.<br \/>\nPara conocer m\u00e1s sobre la propuesta municipal de Talleres Culturales, las y los interesados podr\u00e1n visitar las redes sociales de la Secretar\u00eda de Pol\u00edticas Ambientales, Culturales y Educativas en @CulturayEducacionUsh.<\/p>\n<p><img loading=\"lazy\" decoding=\"async\" class=\"alignnone size-medium wp-image-70664\" src=\"https:\/\/hablemosclarotdf.com.ar\/wp-content\/uploads\/2026\/03\/photo_2026-03-30_06-11-08-240x300.jpg\" alt=\"\" width=\"240\" height=\"300\" srcset=\"https:\/\/hablemosclarotdf.com.ar\/wp-content\/uploads\/2026\/03\/photo_2026-03-30_06-11-08-240x300.jpg 240w, https:\/\/hablemosclarotdf.com.ar\/wp-content\/uploads\/2026\/03\/photo_2026-03-30_06-11-08-818x1024.jpg 818w, https:\/\/hablemosclarotdf.com.ar\/wp-content\/uploads\/2026\/03\/photo_2026-03-30_06-11-08-768x961.jpg 768w, https:\/\/hablemosclarotdf.com.ar\/wp-content\/uploads\/2026\/03\/photo_2026-03-30_06-11-08.jpg 1023w\" sizes=\"auto, (max-width: 240px) 100vw, 240px\" \/> <img loading=\"lazy\" decoding=\"async\" class=\"alignnone size-medium wp-image-70665\" src=\"https:\/\/hablemosclarotdf.com.ar\/wp-content\/uploads\/2026\/03\/photo_2026-03-30_06-11-13-240x300.jpg\" alt=\"\" width=\"240\" height=\"300\" srcset=\"https:\/\/hablemosclarotdf.com.ar\/wp-content\/uploads\/2026\/03\/photo_2026-03-30_06-11-13-240x300.jpg 240w, https:\/\/hablemosclarotdf.com.ar\/wp-content\/uploads\/2026\/03\/photo_2026-03-30_06-11-13-819x1024.jpg 819w, https:\/\/hablemosclarotdf.com.ar\/wp-content\/uploads\/2026\/03\/photo_2026-03-30_06-11-13-768x960.jpg 768w, https:\/\/hablemosclarotdf.com.ar\/wp-content\/uploads\/2026\/03\/photo_2026-03-30_06-11-13.jpg 1024w\" sizes=\"auto, (max-width: 240px) 100vw, 240px\" \/><\/p>\n","protected":false},"excerpt":{"rendered":"<p>Las y los interesados podr\u00e1n inscribirse v\u00eda WhatsApp La Secretar\u00eda de Pol\u00edticas Ambientales, Culturales y&#8230;<\/p>\n","protected":false},"author":1,"featured_media":70663,"comment_status":"closed","ping_status":"closed","sticky":false,"template":"","format":"standard","meta":{"footnotes":""},"categories":[3],"tags":[],"class_list":["post-70662","post","type-post","status-publish","format-standard","has-post-thumbnail","hentry","category-noticias"],"jetpack_featured_media_url":"https:\/\/hablemosclarotdf.com.ar\/wp-content\/uploads\/2026\/03\/photo_2026-03-30_06-10-58.jpg","_links":{"self":[{"href":"https:\/\/hablemosclarotdf.com.ar\/index.php?rest_route=\/wp\/v2\/posts\/70662","targetHints":{"allow":["GET"]}}],"collection":[{"href":"https:\/\/hablemosclarotdf.com.ar\/index.php?rest_route=\/wp\/v2\/posts"}],"about":[{"href":"https:\/\/hablemosclarotdf.com.ar\/index.php?rest_route=\/wp\/v2\/types\/post"}],"author":[{"embeddable":true,"href":"https:\/\/hablemosclarotdf.com.ar\/index.php?rest_route=\/wp\/v2\/users\/1"}],"replies":[{"embeddable":true,"href":"https:\/\/hablemosclarotdf.com.ar\/index.php?rest_route=%2Fwp%2Fv2%2Fcomments&post=70662"}],"version-history":[{"count":1,"href":"https:\/\/hablemosclarotdf.com.ar\/index.php?rest_route=\/wp\/v2\/posts\/70662\/revisions"}],"predecessor-version":[{"id":70666,"href":"https:\/\/hablemosclarotdf.com.ar\/index.php?rest_route=\/wp\/v2\/posts\/70662\/revisions\/70666"}],"wp:featuredmedia":[{"embeddable":true,"href":"https:\/\/hablemosclarotdf.com.ar\/index.php?rest_route=\/wp\/v2\/media\/70663"}],"wp:attachment":[{"href":"https:\/\/hablemosclarotdf.com.ar\/index.php?rest_route=%2Fwp%2Fv2%2Fmedia&parent=70662"}],"wp:term":[{"taxonomy":"category","embeddable":true,"href":"https:\/\/hablemosclarotdf.com.ar\/index.php?rest_route=%2Fwp%2Fv2%2Fcategories&post=70662"},{"taxonomy":"post_tag","embeddable":true,"href":"https:\/\/hablemosclarotdf.com.ar\/index.php?rest_route=%2Fwp%2Fv2%2Ftags&post=70662"}],"curies":[{"name":"wp","href":"https:\/\/api.w.org\/{rel}","templated":true}]}}