{"id":7009,"date":"2024-08-01T14:47:00","date_gmt":"2024-08-01T17:47:00","guid":{"rendered":"https:\/\/hablemosclarotdf.com.ar\/?p=7009"},"modified":"2024-08-01T14:47:00","modified_gmt":"2024-08-01T17:47:00","slug":"rio-grande-vivira-una-noche-de-rock-argentino","status":"publish","type":"post","link":"https:\/\/hablemosclarotdf.com.ar\/?p=7009","title":{"rendered":"R\u00cdO GRANDE VIVIR\u00c1 UNA NOCHE DE ROCK ARGENTINO"},"content":{"rendered":"<p>El evento estar\u00e1 protagonizado por la banda \u201cBuenas noches\u201d, quienes interpretar\u00e1n versiones de nuestro Rock Argentino de distintos artistas. Se realizar\u00e1 este s\u00e1bado 3 de agosto a las 20 horas, en el Centro Cultural Alem. La entrada es libre y gratuita.<\/p>\n<p>El Municipio de R\u00edo Grande invita a las vecinas y vecinos a ser parte de una noche de s\u00e1bado a pura m\u00fasica, la cual ser\u00e1 una oportunidad \u00fanica para disfrutar del talento de \u201cBuenas noches\u201d en un ambiente \u00edntimo y vibrante.<\/p>\n<p>Por ello, para las y los amantes del Rock argentino la cita es este s\u00e1bado 3 de agosto, a las 20 horas, en el Centro Cultural Alem. Cabe destacar que el repertorio estar\u00e1 representado por artistas independientes de nuestra ciudad que crearon su banda para interpretar versiones del Rock Argentino.<\/p>\n<p>La presentaci\u00f3n promete ser una experiencia inolvidable, repleta de energ\u00eda, alegr\u00eda y emoci\u00f3n donde los y las artistas cantar\u00e1n temas emblem\u00e1ticos y significativos en pos de deleitar al p\u00fablico presente.<\/p>\n<p>Se destaca que esta banda est\u00e1 recientemente conformada con sus primeras presentaciones. La misma est\u00e1 integrada por Mariana, con la guitarra el\u00e9ctrica; Mat\u00edas, con la bater\u00eda; Negrock, con el bajo; Tuka, con la trompeta y Mar\u00eda del Sol con su voz y guitarra.<\/p>\n<p>Con el acompa\u00f1amiento del Municipio, \u201cBuenas noches\u201d busca mantener en escena el rock nacional, promoviendo el estilo y las letras de las canciones de diferentes autores que han conquistado a generaciones. A su vez, que las y los riograndenses disfruten de una noche agradable y entretenida.<\/p>\n","protected":false},"excerpt":{"rendered":"<p>El evento estar\u00e1 protagonizado por la banda \u201cBuenas noches\u201d, quienes interpretar\u00e1n versiones de nuestro Rock&#8230;<\/p>\n","protected":false},"author":1,"featured_media":7010,"comment_status":"closed","ping_status":"closed","sticky":false,"template":"","format":"standard","meta":{"footnotes":""},"categories":[3],"tags":[],"class_list":["post-7009","post","type-post","status-publish","format-standard","has-post-thumbnail","hentry","category-noticias"],"jetpack_featured_media_url":"https:\/\/hablemosclarotdf.com.ar\/wp-content\/uploads\/2024\/08\/photo_2024-08-01_14-46-37.jpg","_links":{"self":[{"href":"https:\/\/hablemosclarotdf.com.ar\/index.php?rest_route=\/wp\/v2\/posts\/7009","targetHints":{"allow":["GET"]}}],"collection":[{"href":"https:\/\/hablemosclarotdf.com.ar\/index.php?rest_route=\/wp\/v2\/posts"}],"about":[{"href":"https:\/\/hablemosclarotdf.com.ar\/index.php?rest_route=\/wp\/v2\/types\/post"}],"author":[{"embeddable":true,"href":"https:\/\/hablemosclarotdf.com.ar\/index.php?rest_route=\/wp\/v2\/users\/1"}],"replies":[{"embeddable":true,"href":"https:\/\/hablemosclarotdf.com.ar\/index.php?rest_route=%2Fwp%2Fv2%2Fcomments&post=7009"}],"version-history":[{"count":1,"href":"https:\/\/hablemosclarotdf.com.ar\/index.php?rest_route=\/wp\/v2\/posts\/7009\/revisions"}],"predecessor-version":[{"id":7011,"href":"https:\/\/hablemosclarotdf.com.ar\/index.php?rest_route=\/wp\/v2\/posts\/7009\/revisions\/7011"}],"wp:featuredmedia":[{"embeddable":true,"href":"https:\/\/hablemosclarotdf.com.ar\/index.php?rest_route=\/wp\/v2\/media\/7010"}],"wp:attachment":[{"href":"https:\/\/hablemosclarotdf.com.ar\/index.php?rest_route=%2Fwp%2Fv2%2Fmedia&parent=7009"}],"wp:term":[{"taxonomy":"category","embeddable":true,"href":"https:\/\/hablemosclarotdf.com.ar\/index.php?rest_route=%2Fwp%2Fv2%2Fcategories&post=7009"},{"taxonomy":"post_tag","embeddable":true,"href":"https:\/\/hablemosclarotdf.com.ar\/index.php?rest_route=%2Fwp%2Fv2%2Ftags&post=7009"}],"curies":[{"name":"wp","href":"https:\/\/api.w.org\/{rel}","templated":true}]}}