{"id":69218,"date":"2026-03-12T17:32:42","date_gmt":"2026-03-12T20:32:42","guid":{"rendered":"https:\/\/hablemosclarotdf.com.ar\/?p=69218"},"modified":"2026-03-12T17:32:42","modified_gmt":"2026-03-12T20:32:42","slug":"ushuaia-la-sociedad-pedia-un-cambio-y-el-intendente-vuoto-supo-leer-esa-demanda-afirmo-yesica-garay","status":"publish","type":"post","link":"https:\/\/hablemosclarotdf.com.ar\/?p=69218","title":{"rendered":"USHUAIA : \u201cLA SOCIEDAD PED\u00cdA UN CAMBIO Y EL INTENDENTE VUOTO SUPO LEER ESA DEMANDA\u201d, AFIRM\u00d3 YESICA GARAY"},"content":{"rendered":"<p>Nueva etapa de gesti\u00f3n<\/p>\n<p>La jefa de Gabinete de la Municipalidad de Ushuaia, Yesica Garay, se refiri\u00f3 a la reestructuraci\u00f3n del Gabinete municipal decidida por el intendente Walter Vuoto, y al respecto expres\u00f3 que \u201cla sociedad demandaba un gesto de achique y de optimizaci\u00f3n de la gesti\u00f3n, el intendente supo leer esa demanda y actu\u00f3 en funci\u00f3n de ello\u201d.<br \/>\n\u201cEl intendente dej\u00f3 en claro que escuch\u00f3 a la gente, por eso vamos a seguir adelante entendiendo las nuevas din\u00e1micas y las nuevas demandas de la sociedad, y como funcionarios nos involucr\u00f3 en esa l\u00f3gica\u201d, destac\u00f3 la funcionaria.<br \/>\nAdem\u00e1s, consider\u00f3 que \u201cera el momento de unificar \u00e1reas y de achicar las secretar\u00edas como lo hicimos pensando en optimizar el recurso y el Estado municipal\u201d, y precis\u00f3 que la reestructuraci\u00f3n \u201cimplic\u00f3 la baja de m\u00e1s de 30 funcionarios\u201d.<br \/>\nEn esa l\u00ednea, dijo que \u201ces fundamental plantear nuevas estrategias para adelante y eso tiene que ver con pensar las pol\u00edticas p\u00fablicas desde otro lugar\u201d, teniendo en cuenta adem\u00e1s que \u201cllevamos muchos a\u00f1os en la gesti\u00f3n, vivimos distintos momentos institucionales y pol\u00edticos, y siempre tuvimos la capacidad de reformularnos, pararnos en otro lugar y seguir adelante pensando en la comunidad con la convicci\u00f3n firme sobre lo que estamos haciendo\u201d.<br \/>\nPor otra parte, record\u00f3 que en su discurso de apertura de sesiones ordinarias del Concejo Deliberante el intendente \u201cmarc\u00f3 el camino a seguir desde el Ejecutivo municipal, que es trabajar colectivamente con todos los actores de la sociedad para llevar soluciones, y tambi\u00e9n repensar las nuevas dificultades y din\u00e1micas que tenemos como ciudad\u201d.<br \/>\nFinalmente, Garay afirm\u00f3 que \u201ces muy importante\u201d que en un contexto econ\u00f3mico nacional adverso que provoca una fuerte ca\u00edda de los recursos \u201chaya un intendente y un Municipio que, por definici\u00f3n pol\u00edtica, sigan gestionando para dar respuesta a lo que la ciudad necesita\u201d.<\/p>\n<p>&nbsp;<\/p>\n","protected":false},"excerpt":{"rendered":"<p>Nueva etapa de gesti\u00f3n La jefa de Gabinete de la Municipalidad de Ushuaia, Yesica Garay,&#8230;<\/p>\n","protected":false},"author":1,"featured_media":69219,"comment_status":"closed","ping_status":"closed","sticky":false,"template":"","format":"standard","meta":{"footnotes":""},"categories":[3],"tags":[],"class_list":["post-69218","post","type-post","status-publish","format-standard","has-post-thumbnail","hentry","category-noticias"],"jetpack_featured_media_url":"https:\/\/hablemosclarotdf.com.ar\/wp-content\/uploads\/2026\/03\/photo_2026-03-12_17-31-16.jpg","_links":{"self":[{"href":"https:\/\/hablemosclarotdf.com.ar\/index.php?rest_route=\/wp\/v2\/posts\/69218","targetHints":{"allow":["GET"]}}],"collection":[{"href":"https:\/\/hablemosclarotdf.com.ar\/index.php?rest_route=\/wp\/v2\/posts"}],"about":[{"href":"https:\/\/hablemosclarotdf.com.ar\/index.php?rest_route=\/wp\/v2\/types\/post"}],"author":[{"embeddable":true,"href":"https:\/\/hablemosclarotdf.com.ar\/index.php?rest_route=\/wp\/v2\/users\/1"}],"replies":[{"embeddable":true,"href":"https:\/\/hablemosclarotdf.com.ar\/index.php?rest_route=%2Fwp%2Fv2%2Fcomments&post=69218"}],"version-history":[{"count":1,"href":"https:\/\/hablemosclarotdf.com.ar\/index.php?rest_route=\/wp\/v2\/posts\/69218\/revisions"}],"predecessor-version":[{"id":69220,"href":"https:\/\/hablemosclarotdf.com.ar\/index.php?rest_route=\/wp\/v2\/posts\/69218\/revisions\/69220"}],"wp:featuredmedia":[{"embeddable":true,"href":"https:\/\/hablemosclarotdf.com.ar\/index.php?rest_route=\/wp\/v2\/media\/69219"}],"wp:attachment":[{"href":"https:\/\/hablemosclarotdf.com.ar\/index.php?rest_route=%2Fwp%2Fv2%2Fmedia&parent=69218"}],"wp:term":[{"taxonomy":"category","embeddable":true,"href":"https:\/\/hablemosclarotdf.com.ar\/index.php?rest_route=%2Fwp%2Fv2%2Fcategories&post=69218"},{"taxonomy":"post_tag","embeddable":true,"href":"https:\/\/hablemosclarotdf.com.ar\/index.php?rest_route=%2Fwp%2Fv2%2Ftags&post=69218"}],"curies":[{"name":"wp","href":"https:\/\/api.w.org\/{rel}","templated":true}]}}