{"id":69188,"date":"2026-03-12T14:26:24","date_gmt":"2026-03-12T17:26:24","guid":{"rendered":"https:\/\/hablemosclarotdf.com.ar\/?p=69188"},"modified":"2026-03-12T14:26:24","modified_gmt":"2026-03-12T17:26:24","slug":"el-gobernador-melella-recibio-a-la-senadora-lopez-para-analizar-la-situacion-del-pais-y-de-tierra-del-fuego","status":"publish","type":"post","link":"https:\/\/hablemosclarotdf.com.ar\/?p=69188","title":{"rendered":"EL GOBERNADOR MELELLA RECIBI\u00d3 A LA SENADORA L\u00d3PEZ PARA ANALIZAR LA SITUACI\u00d3N DEL PA\u00cdS Y DE TIERRA DEL FUEGO"},"content":{"rendered":"<p>El Gobernador de Tierra del Fuego, Ant\u00e1rtida e Islas del Atl\u00e1ntico Sur, Gustavo Melella, mantuvo un encuentro con la senadora nacional por la provincia, Cristina L\u00f3pez, en el que dialogaron sobre la situaci\u00f3n actual del pa\u00eds y el impacto de las pol\u00edticas nacionales en la provincia.<\/p>\n<p>Durante la reuni\u00f3n, que se realiz\u00f3 en Casa de Gobierno, ambos dirigentes analizaron el contexto econ\u00f3mico y social que atraviesa la Argentina, as\u00ed como los desaf\u00edos que enfrenta Tierra del Fuego, Ant\u00e1rtida e Islas del Atl\u00e1ntico Sur. En ese marco, coincidieron en la importancia de sostener el di\u00e1logo pol\u00edtico y el trabajo conjunto para defender los intereses de todos los fueguinos y fueguinas.<\/p>\n<p>Asimismo, abordaron temas vinculados al desarrollo productivo, el empleo y la necesidad de fortalecer las herramientas que permitan acompa\u00f1ar a los distintos sectores de la comunidad frente a la coyuntura nacional.<\/p>\n<p>Tanto el Gobernador como la Senadora destacaron la importancia de construir consensos y promover espacios de articulaci\u00f3n institucional que permitan llevar la voz de la provincia al \u00e1mbito nacional, con el objetivo de resguardar los derechos y las oportunidades de las y los habitantes de Tierra del Fuego.<\/p>\n<p>Finalmente, reafirmaron el compromiso de continuar trabajando de manera coordinada para impulsar iniciativas que contribuyan al desarrollo de la provincia y al bienestar de todos los fueguinos.<\/p>\n","protected":false},"excerpt":{"rendered":"<p>El Gobernador de Tierra del Fuego, Ant\u00e1rtida e Islas del Atl\u00e1ntico Sur, Gustavo Melella, mantuvo&#8230;<\/p>\n","protected":false},"author":1,"featured_media":69189,"comment_status":"closed","ping_status":"closed","sticky":false,"template":"","format":"standard","meta":{"footnotes":""},"categories":[3],"tags":[],"class_list":["post-69188","post","type-post","status-publish","format-standard","has-post-thumbnail","hentry","category-noticias"],"jetpack_featured_media_url":"https:\/\/hablemosclarotdf.com.ar\/wp-content\/uploads\/2026\/03\/photo_2026-03-12_14-24-00.jpg","_links":{"self":[{"href":"https:\/\/hablemosclarotdf.com.ar\/index.php?rest_route=\/wp\/v2\/posts\/69188","targetHints":{"allow":["GET"]}}],"collection":[{"href":"https:\/\/hablemosclarotdf.com.ar\/index.php?rest_route=\/wp\/v2\/posts"}],"about":[{"href":"https:\/\/hablemosclarotdf.com.ar\/index.php?rest_route=\/wp\/v2\/types\/post"}],"author":[{"embeddable":true,"href":"https:\/\/hablemosclarotdf.com.ar\/index.php?rest_route=\/wp\/v2\/users\/1"}],"replies":[{"embeddable":true,"href":"https:\/\/hablemosclarotdf.com.ar\/index.php?rest_route=%2Fwp%2Fv2%2Fcomments&post=69188"}],"version-history":[{"count":1,"href":"https:\/\/hablemosclarotdf.com.ar\/index.php?rest_route=\/wp\/v2\/posts\/69188\/revisions"}],"predecessor-version":[{"id":69190,"href":"https:\/\/hablemosclarotdf.com.ar\/index.php?rest_route=\/wp\/v2\/posts\/69188\/revisions\/69190"}],"wp:featuredmedia":[{"embeddable":true,"href":"https:\/\/hablemosclarotdf.com.ar\/index.php?rest_route=\/wp\/v2\/media\/69189"}],"wp:attachment":[{"href":"https:\/\/hablemosclarotdf.com.ar\/index.php?rest_route=%2Fwp%2Fv2%2Fmedia&parent=69188"}],"wp:term":[{"taxonomy":"category","embeddable":true,"href":"https:\/\/hablemosclarotdf.com.ar\/index.php?rest_route=%2Fwp%2Fv2%2Fcategories&post=69188"},{"taxonomy":"post_tag","embeddable":true,"href":"https:\/\/hablemosclarotdf.com.ar\/index.php?rest_route=%2Fwp%2Fv2%2Ftags&post=69188"}],"curies":[{"name":"wp","href":"https:\/\/api.w.org\/{rel}","templated":true}]}}