{"id":69181,"date":"2026-03-12T14:19:32","date_gmt":"2026-03-12T17:19:32","guid":{"rendered":"https:\/\/hablemosclarotdf.com.ar\/?p=69181"},"modified":"2026-03-12T14:19:32","modified_gmt":"2026-03-12T17:19:32","slug":"rio-grande-en-2025-destino-3-000-millones-para-atender-afiliados-de-osef-en-el-sistema-municipal-de-salud","status":"publish","type":"post","link":"https:\/\/hablemosclarotdf.com.ar\/?p=69181","title":{"rendered":"RIO GRANDE : EN 2025 DESTIN\u00d3 $3.000 MILLONES PARA ATENDER AFILIADOS DE OSEF EN EL SISTEMA MUNICIPAL DE SALUD"},"content":{"rendered":"<p>Durante 2025, la gesti\u00f3n del intendente Mart\u00edn Perez destin\u00f3 m\u00e1s de $10.000 millones para sostener y fortalecer el sistema municipal de salud. De ese total, cerca de $3.000 millones fueron utilizados para atender a afiliados de OSEF que recurren a la red sanitaria local. Esta situaci\u00f3n ocurre en un contexto en el que la obra social provincial no firm\u00f3 el convenio de compensaci\u00f3n prestacional, lo que obliga al Municipio a absorber esos costos mientras garantiza la atenci\u00f3n en 15 dispositivos de salud distribuidos en la ciudad, donde durante el \u00faltimo a\u00f1o se realizaron m\u00e1s de 275 mil atenciones.<\/p>\n<p>El Municipio de R\u00edo Grande contin\u00faa trabajando en pos de consolidar el sistema municipal de salud como un pilar fundamental para miles de familias riograndenses.<\/p>\n<p>Mientras que en 2019 el servicio municipal de salud realiz\u00f3 50 mil prestaciones; durante el 2025 se brindaron m\u00e1s de 275.000 atenciones. La demanda creci\u00f3 de manera exponencial y lo sigue haciendo. Cada vez son m\u00e1s los vecinos sin cobertura de salud, las familias que acceden mediante el programa nacional SUMAR y los afiliados a OSEF que utilizan los servicios municipales en un contexto complejo a nivel nacional y provincial.<\/p>\n<p>En respuesta a ello, los recursos municipales fueron destinados al funcionamiento integral de la red sanitaria, incluyendo el sostenimiento del equipo de profesionales, la contrataci\u00f3n de profesionales m\u00e9dicos y t\u00e9cnicos, la compra de insumos esenciales, el equipamiento y el mantenimiento operativo de los diferentes dispositivos de salud.<\/p>\n<p>Esta pol\u00edtica municipal permiti\u00f3 fortalecer \u00e1reas estrat\u00e9gicas como la atenci\u00f3n primaria, rehabilitaci\u00f3n, salud mental, laboratorio, especialidades m\u00e9dicas, maternidad e infancias; adem\u00e1s de avanzar con programas de promoci\u00f3n y prevenci\u00f3n que se desarrollan en diferentes barrios.<\/p>\n<p>La inversi\u00f3n ha sido clave para responder a la atenci\u00f3n m\u00e9dica de afiliados de OSEF dentro del sistema municipal. El 30% de las prestaciones realizadas durante el \u00faltimo a\u00f1o corresponden a afiliados de la obra social provincial, lo que implic\u00f3 una inversi\u00f3n cercana a $3.000 millones por parte del Municipio para garantizar consultas, estudios y tratamientos. A pesar de los reiterados pedidos del Estado municipal para contar con un mecanismo de recupero prestacional, tal como ocurre con otros prestadores p\u00fablicos y, con mayor claridad a\u00fan, en el sistema privado, desde OSEF no se ha avanzado en la firma del convenio correspondiente.<\/p>\n<p>Sobre ello, el subsecretario de Salud, Agust\u00edn Perez, sostuvo que \u201cesta situaci\u00f3n deriva en que el sistema de salud municipal contin\u00fae absorbiendo los costos y sosteniendo la atenci\u00f3n de estos vecinos y vecinas, sin desentenderse de la demanda sanitaria, aunque ello represente una carga adicional sobre los recursos locales\u201d.<\/p>\n<p>En un contexto de creciente demanda, el Estado Municipal proyecta nuevas acciones para continuar ampliando y modernizando los servicios durante 2026 como ser la extensi\u00f3n del Laboratorio Municipal que sumar\u00e1 anexos en B\u00b0 Las Aves y Malvinas Argentinas, con el objetivo de descentralizar la toma de muestras y mejorar los tiempos de atenci\u00f3n. Tambi\u00e9n se incorporar\u00e1 tecnolog\u00eda GeneXpert para el diagn\u00f3stico temprano de HPV, se garantizar\u00e1 cobertura odontol\u00f3gica completa en todos los Centros Municipales de Salud y se pondr\u00e1 en marcha un programa espec\u00edfico ante el aumento de casos de s\u00edfilis, el cual incluir\u00e1 la ampliaci\u00f3n de testeos y campa\u00f1as de prevenci\u00f3n.<\/p>\n<p>Por otro lado, se impulsar\u00e1n instancias de formaci\u00f3n en salud mental a nivel provincial, con especial foco en infancias y adolescencias, \u00e1rea en la que el sistema municipal cuenta con el equipo profesional m\u00e1s amplio de la provincia.<\/p>\n<p>\u201cCon una red sanitaria en expansi\u00f3n,15 dispositivos en funcionamiento y una inversi\u00f3n que super\u00f3 los $10.000 millones, desde la gesti\u00f3n del intendente Mart\u00edn Perez reafirmamos la decisi\u00f3n de sostener y fortalecer la salud p\u00fablica de R\u00edo Grande para garantizar un sistema accesible, cercano y plenamente operativo para todos los vecinos y vecinas\u201d, enfatiz\u00f3 el Subsecretario de Salud.<\/p>\n<p><img loading=\"lazy\" decoding=\"async\" class=\"alignnone size-medium wp-image-69183\" src=\"https:\/\/hablemosclarotdf.com.ar\/wp-content\/uploads\/2026\/03\/photo_2026-03-12_14-18-44-300x200.jpg\" alt=\"\" width=\"300\" height=\"200\" srcset=\"https:\/\/hablemosclarotdf.com.ar\/wp-content\/uploads\/2026\/03\/photo_2026-03-12_14-18-44-300x200.jpg 300w, https:\/\/hablemosclarotdf.com.ar\/wp-content\/uploads\/2026\/03\/photo_2026-03-12_14-18-44-1024x682.jpg 1024w, https:\/\/hablemosclarotdf.com.ar\/wp-content\/uploads\/2026\/03\/photo_2026-03-12_14-18-44-768x512.jpg 768w, https:\/\/hablemosclarotdf.com.ar\/wp-content\/uploads\/2026\/03\/photo_2026-03-12_14-18-44.jpg 1280w\" sizes=\"auto, (max-width: 300px) 100vw, 300px\" \/><\/p>\n","protected":false},"excerpt":{"rendered":"<p>Durante 2025, la gesti\u00f3n del intendente Mart\u00edn Perez destin\u00f3 m\u00e1s de $10.000 millones para sostener&#8230;<\/p>\n","protected":false},"author":1,"featured_media":69182,"comment_status":"closed","ping_status":"closed","sticky":false,"template":"","format":"standard","meta":{"footnotes":""},"categories":[3],"tags":[],"class_list":["post-69181","post","type-post","status-publish","format-standard","has-post-thumbnail","hentry","category-noticias"],"jetpack_featured_media_url":"https:\/\/hablemosclarotdf.com.ar\/wp-content\/uploads\/2026\/03\/photo_2026-03-12_14-18-30.jpg","_links":{"self":[{"href":"https:\/\/hablemosclarotdf.com.ar\/index.php?rest_route=\/wp\/v2\/posts\/69181","targetHints":{"allow":["GET"]}}],"collection":[{"href":"https:\/\/hablemosclarotdf.com.ar\/index.php?rest_route=\/wp\/v2\/posts"}],"about":[{"href":"https:\/\/hablemosclarotdf.com.ar\/index.php?rest_route=\/wp\/v2\/types\/post"}],"author":[{"embeddable":true,"href":"https:\/\/hablemosclarotdf.com.ar\/index.php?rest_route=\/wp\/v2\/users\/1"}],"replies":[{"embeddable":true,"href":"https:\/\/hablemosclarotdf.com.ar\/index.php?rest_route=%2Fwp%2Fv2%2Fcomments&post=69181"}],"version-history":[{"count":1,"href":"https:\/\/hablemosclarotdf.com.ar\/index.php?rest_route=\/wp\/v2\/posts\/69181\/revisions"}],"predecessor-version":[{"id":69184,"href":"https:\/\/hablemosclarotdf.com.ar\/index.php?rest_route=\/wp\/v2\/posts\/69181\/revisions\/69184"}],"wp:featuredmedia":[{"embeddable":true,"href":"https:\/\/hablemosclarotdf.com.ar\/index.php?rest_route=\/wp\/v2\/media\/69182"}],"wp:attachment":[{"href":"https:\/\/hablemosclarotdf.com.ar\/index.php?rest_route=%2Fwp%2Fv2%2Fmedia&parent=69181"}],"wp:term":[{"taxonomy":"category","embeddable":true,"href":"https:\/\/hablemosclarotdf.com.ar\/index.php?rest_route=%2Fwp%2Fv2%2Fcategories&post=69181"},{"taxonomy":"post_tag","embeddable":true,"href":"https:\/\/hablemosclarotdf.com.ar\/index.php?rest_route=%2Fwp%2Fv2%2Ftags&post=69181"}],"curies":[{"name":"wp","href":"https:\/\/api.w.org\/{rel}","templated":true}]}}