{"id":69165,"date":"2026-03-12T13:19:18","date_gmt":"2026-03-12T16:19:18","guid":{"rendered":"https:\/\/hablemosclarotdf.com.ar\/?p=69165"},"modified":"2026-03-12T13:19:18","modified_gmt":"2026-03-12T16:19:18","slug":"tangible-2025-este-sabado-se-inaugurara-la-muestra-ganadora-valores-de-cambio","status":"publish","type":"post","link":"https:\/\/hablemosclarotdf.com.ar\/?p=69165","title":{"rendered":"TANGIBLE 2025: ESTE S\u00c1BADO SE INAUGURAR\u00c1 LA MUESTRA GANADORA \u201cVALORES DE CAMBIO\u201d"},"content":{"rendered":"<p>La Secretar\u00eda de Cultura de la provincia inaugurar\u00e1 la Muestra &#8220;Valores de Cambio&#8221; del artista Jorge Bernard y el curador Valent\u00edn Bernard, el s\u00e1bado 14 de marzo a las 19:00 horas en el Museo Fueguino de Arte &#8220;Nin\u00ed Bernardello&#8221; (Av. Belgrano 319), de la ciudad de R\u00edo Grande.<\/p>\n<p>Esta muestra, fue seleccionada en la Edici\u00f3n 2025 del concurso Tangible, actividad que promueve el desarrollo de un proyecto de exhibici\u00f3n in\u00e9dito destinado a artistas y curadores, con el objetivo de estimular, apoyar y alentar el trabajo curatorial, visibilizando el rol del\/la curador\/a en nuestra provincia, poniendo en valor y fomentando la producci\u00f3n de hacedores culturales fueguinos a trav\u00e9s de las expresiones visuales, pl\u00e1sticas y otros lenguajes h\u00edbridos que contribuyan al desarrollo integral de propuestas de exhibici\u00f3n y fortalecimiento del sector en nuestra provincia.<\/p>\n<p>\u201cValores de Cambio\u201d propone una lectura cr\u00edtica sobre las tensiones entre econom\u00eda, ecolog\u00eda y memoria hist\u00f3rica a trav\u00e9s de una reinterpretaci\u00f3n art\u00edstica de los billetes como soporte simb\u00f3lico de valor. La muestra desplaza el foco de lo monetario hacia lo vital, al representar especies animales en peligro de extinci\u00f3n y transformar estos \u00edconos de intercambio en met\u00e1foras sobre la fragilidad de la biodiversidad.<\/p>\n<p>Mediante ilustraciones de fauna local, como aves de Tierra del Fuego y dispositivos audiovisuales, la exposici\u00f3n enlaza la crisis ambiental con las memorias de los pueblos originarios, evocando saberes ancestrales desde un enfoque interdisciplinario que articula arte, ciencia y ecolog\u00eda pol\u00edtica, invitando a repensar los sistemas de valor y a reconocer en los ecosistemas el verdadero capital que sostiene la vida.<\/p>\n","protected":false},"excerpt":{"rendered":"<p>La Secretar\u00eda de Cultura de la provincia inaugurar\u00e1 la Muestra &#8220;Valores de Cambio&#8221; del artista&#8230;<\/p>\n","protected":false},"author":1,"featured_media":69166,"comment_status":"closed","ping_status":"closed","sticky":false,"template":"","format":"standard","meta":{"footnotes":""},"categories":[3],"tags":[],"class_list":["post-69165","post","type-post","status-publish","format-standard","has-post-thumbnail","hentry","category-noticias"],"jetpack_featured_media_url":"https:\/\/hablemosclarotdf.com.ar\/wp-content\/uploads\/2026\/03\/photo_2026-03-12_13-18-13.jpg","_links":{"self":[{"href":"https:\/\/hablemosclarotdf.com.ar\/index.php?rest_route=\/wp\/v2\/posts\/69165","targetHints":{"allow":["GET"]}}],"collection":[{"href":"https:\/\/hablemosclarotdf.com.ar\/index.php?rest_route=\/wp\/v2\/posts"}],"about":[{"href":"https:\/\/hablemosclarotdf.com.ar\/index.php?rest_route=\/wp\/v2\/types\/post"}],"author":[{"embeddable":true,"href":"https:\/\/hablemosclarotdf.com.ar\/index.php?rest_route=\/wp\/v2\/users\/1"}],"replies":[{"embeddable":true,"href":"https:\/\/hablemosclarotdf.com.ar\/index.php?rest_route=%2Fwp%2Fv2%2Fcomments&post=69165"}],"version-history":[{"count":1,"href":"https:\/\/hablemosclarotdf.com.ar\/index.php?rest_route=\/wp\/v2\/posts\/69165\/revisions"}],"predecessor-version":[{"id":69167,"href":"https:\/\/hablemosclarotdf.com.ar\/index.php?rest_route=\/wp\/v2\/posts\/69165\/revisions\/69167"}],"wp:featuredmedia":[{"embeddable":true,"href":"https:\/\/hablemosclarotdf.com.ar\/index.php?rest_route=\/wp\/v2\/media\/69166"}],"wp:attachment":[{"href":"https:\/\/hablemosclarotdf.com.ar\/index.php?rest_route=%2Fwp%2Fv2%2Fmedia&parent=69165"}],"wp:term":[{"taxonomy":"category","embeddable":true,"href":"https:\/\/hablemosclarotdf.com.ar\/index.php?rest_route=%2Fwp%2Fv2%2Fcategories&post=69165"},{"taxonomy":"post_tag","embeddable":true,"href":"https:\/\/hablemosclarotdf.com.ar\/index.php?rest_route=%2Fwp%2Fv2%2Ftags&post=69165"}],"curies":[{"name":"wp","href":"https:\/\/api.w.org\/{rel}","templated":true}]}}