{"id":69148,"date":"2026-03-12T10:20:14","date_gmt":"2026-03-12T13:20:14","guid":{"rendered":"https:\/\/hablemosclarotdf.com.ar\/?p=69148"},"modified":"2026-03-12T10:20:14","modified_gmt":"2026-03-12T13:20:14","slug":"rio-grande-el-municipio-y-estudiantes-de-la-epeim-trabajan-en-un-proyecto-de-espacio-publico-con-enfoque-ambiental","status":"publish","type":"post","link":"https:\/\/hablemosclarotdf.com.ar\/?p=69148","title":{"rendered":"RIO GRANDE : EL MUNICIPIO Y ESTUDIANTES DE LA EPEIM TRABAJAN EN UN PROYECTO DE ESPACIO P\u00daBLICO CON ENFOQUE AMBIENTAL"},"content":{"rendered":"<p>El Municipio de R\u00edo Grande articula junto al Colegio EPEIM la construcci\u00f3n de una plaza aleda\u00f1a al establecimiento educativo. Se trata de un espacio p\u00fablico que ser\u00e1 puesto en valor para el disfrute de las y los vecinos del barrio, as\u00ed como de toda la comunidad riograndense. Las y los estudiantes participar\u00e1n activamente en el dise\u00f1o, implantaci\u00f3n y mantenimiento de este nuevo punto de encuentro.<\/p>\n<p>En este marco, el secretario de Gesti\u00f3n Ciudadana, Gonzalo Ferro, y la secretaria de Obras P\u00fablicas, Silvina M\u00f3naco mantuvieron un primer encuentro con estudiantes y docentes de la instituci\u00f3n educativa, con quienes compartieron los principales lineamientos de la iniciativa y el rol que tendr\u00e1n en su desarrollo.<\/p>\n<p>Cabe destacar que la intervenci\u00f3n contempla la instalaci\u00f3n de mobiliario que respete y fortalezca la conexi\u00f3n de este sector con el frente costero, la costa atl\u00e1ntica y la estepa fueguina. Adem\u00e1s, se integrar\u00e1 el entorno natural caracter\u00edstico de la zona, donde anidan aves migratorias y que forma parte de una reserva natural de la ciudad. Asimismo, el proyecto prev\u00e9 la implantaci\u00f3n de un bosque nativo con flora aut\u00f3ctona propia de nuestra regi\u00f3n.<\/p>\n<p>Como parte del proceso de trabajo, se conformar\u00e1n mesas t\u00e9cnicas con las \u00e1reas municipales de Planificaci\u00f3n, Parques y Jardines, Servicios Veterinarios y Medio Ambiente, con el objetivo de terminar de definir el proyecto urbano y avanzar con el inicio de la obra, prevista para antes de la veda invernal, tras la cual se prev\u00e9 que el espacio sea puesto a disposici\u00f3n de la comunidad.<\/p>\n<p>En el marco de este proyecto, adem\u00e1s, las y los estudiantes visitar\u00e1n distintas dependencias municipales y participar\u00e1n activamente en la implantaci\u00f3n y el mantenimiento del bosque nativo que se implantar\u00e1 en el lugar con especies arb\u00f3reas aut\u00f3ctonas.<\/p>\n<p><img loading=\"lazy\" decoding=\"async\" class=\"alignnone size-medium wp-image-69150\" src=\"https:\/\/hablemosclarotdf.com.ar\/wp-content\/uploads\/2026\/03\/photo_2026-03-12_10-19-10-300x200.jpg\" alt=\"\" width=\"300\" height=\"200\" srcset=\"https:\/\/hablemosclarotdf.com.ar\/wp-content\/uploads\/2026\/03\/photo_2026-03-12_10-19-10-300x200.jpg 300w, https:\/\/hablemosclarotdf.com.ar\/wp-content\/uploads\/2026\/03\/photo_2026-03-12_10-19-10-768x512.jpg 768w, https:\/\/hablemosclarotdf.com.ar\/wp-content\/uploads\/2026\/03\/photo_2026-03-12_10-19-10.jpg 1000w\" sizes=\"auto, (max-width: 300px) 100vw, 300px\" \/> <img loading=\"lazy\" decoding=\"async\" class=\"alignnone size-medium wp-image-69151\" src=\"https:\/\/hablemosclarotdf.com.ar\/wp-content\/uploads\/2026\/03\/photo_2026-03-12_10-19-14-300x200.jpg\" alt=\"\" width=\"300\" height=\"200\" srcset=\"https:\/\/hablemosclarotdf.com.ar\/wp-content\/uploads\/2026\/03\/photo_2026-03-12_10-19-14-300x200.jpg 300w, https:\/\/hablemosclarotdf.com.ar\/wp-content\/uploads\/2026\/03\/photo_2026-03-12_10-19-14-768x512.jpg 768w, https:\/\/hablemosclarotdf.com.ar\/wp-content\/uploads\/2026\/03\/photo_2026-03-12_10-19-14.jpg 1000w\" sizes=\"auto, (max-width: 300px) 100vw, 300px\" \/> <img loading=\"lazy\" decoding=\"async\" class=\"alignnone size-medium wp-image-69152\" src=\"https:\/\/hablemosclarotdf.com.ar\/wp-content\/uploads\/2026\/03\/photo_2026-03-12_10-19-20-300x200.jpg\" alt=\"\" width=\"300\" height=\"200\" srcset=\"https:\/\/hablemosclarotdf.com.ar\/wp-content\/uploads\/2026\/03\/photo_2026-03-12_10-19-20-300x200.jpg 300w, https:\/\/hablemosclarotdf.com.ar\/wp-content\/uploads\/2026\/03\/photo_2026-03-12_10-19-20-768x512.jpg 768w, https:\/\/hablemosclarotdf.com.ar\/wp-content\/uploads\/2026\/03\/photo_2026-03-12_10-19-20.jpg 1000w\" sizes=\"auto, (max-width: 300px) 100vw, 300px\" \/><\/p>\n","protected":false},"excerpt":{"rendered":"<p>El Municipio de R\u00edo Grande articula junto al Colegio EPEIM la construcci\u00f3n de una plaza&#8230;<\/p>\n","protected":false},"author":1,"featured_media":69149,"comment_status":"closed","ping_status":"closed","sticky":false,"template":"","format":"standard","meta":{"footnotes":""},"categories":[3],"tags":[],"class_list":["post-69148","post","type-post","status-publish","format-standard","has-post-thumbnail","hentry","category-noticias"],"jetpack_featured_media_url":"https:\/\/hablemosclarotdf.com.ar\/wp-content\/uploads\/2026\/03\/photo_2026-03-12_10-19-01.jpg","_links":{"self":[{"href":"https:\/\/hablemosclarotdf.com.ar\/index.php?rest_route=\/wp\/v2\/posts\/69148","targetHints":{"allow":["GET"]}}],"collection":[{"href":"https:\/\/hablemosclarotdf.com.ar\/index.php?rest_route=\/wp\/v2\/posts"}],"about":[{"href":"https:\/\/hablemosclarotdf.com.ar\/index.php?rest_route=\/wp\/v2\/types\/post"}],"author":[{"embeddable":true,"href":"https:\/\/hablemosclarotdf.com.ar\/index.php?rest_route=\/wp\/v2\/users\/1"}],"replies":[{"embeddable":true,"href":"https:\/\/hablemosclarotdf.com.ar\/index.php?rest_route=%2Fwp%2Fv2%2Fcomments&post=69148"}],"version-history":[{"count":1,"href":"https:\/\/hablemosclarotdf.com.ar\/index.php?rest_route=\/wp\/v2\/posts\/69148\/revisions"}],"predecessor-version":[{"id":69153,"href":"https:\/\/hablemosclarotdf.com.ar\/index.php?rest_route=\/wp\/v2\/posts\/69148\/revisions\/69153"}],"wp:featuredmedia":[{"embeddable":true,"href":"https:\/\/hablemosclarotdf.com.ar\/index.php?rest_route=\/wp\/v2\/media\/69149"}],"wp:attachment":[{"href":"https:\/\/hablemosclarotdf.com.ar\/index.php?rest_route=%2Fwp%2Fv2%2Fmedia&parent=69148"}],"wp:term":[{"taxonomy":"category","embeddable":true,"href":"https:\/\/hablemosclarotdf.com.ar\/index.php?rest_route=%2Fwp%2Fv2%2Fcategories&post=69148"},{"taxonomy":"post_tag","embeddable":true,"href":"https:\/\/hablemosclarotdf.com.ar\/index.php?rest_route=%2Fwp%2Fv2%2Ftags&post=69148"}],"curies":[{"name":"wp","href":"https:\/\/api.w.org\/{rel}","templated":true}]}}