{"id":69141,"date":"2026-03-12T10:05:26","date_gmt":"2026-03-12T13:05:26","guid":{"rendered":"https:\/\/hablemosclarotdf.com.ar\/?p=69141"},"modified":"2026-03-12T10:05:26","modified_gmt":"2026-03-12T13:05:26","slug":"gobierno-homenajeo-a-docentes-bicontinentales-en-su-dia","status":"publish","type":"post","link":"https:\/\/hablemosclarotdf.com.ar\/?p=69141","title":{"rendered":"GOBIERNO HOMENAJE\u00d3 A DOCENTES BICONTINENTALES EN SU D\u00cdA"},"content":{"rendered":"<p>Este martes 11 de marzo se celebr\u00f3 el D\u00eda del Maestro y la Maestra Bicontinental, y en ese marco, el Ministerio de Educaci\u00f3n de la provincia llev\u00f3 adelante un homenaje en la ciudad de R\u00edo Grande a docentes que formaron parte de las diversas Campa\u00f1as en la Escuela Provincial N\u00b038 \u201cRa\u00fal Ricardo Alfons\u00edn\u201d de Base Ant\u00e1rtica Esperanza.<\/p>\n<p>Al respecto, la secretaria de Gesti\u00f3n Educativa, Marina G\u00f3mez, se\u00f1al\u00f3 que \u201cquisimos homenajear a los docentes bicontinentales, quienes contaron su experiencia y realizamos un micr\u00f3fono abierto, dirigido a docentes y estudiantes del IPES Paulo Freire, para que puedan hacer preguntas sobre la experiencia en la Ant\u00e1rtida\u201d.<\/p>\n<p>\u201cSe llev\u00f3 a cabo un intercambio muy interesante donde los docentes pudieron dar cuenta de adem\u00e1s de la experiencia profesional, la vivencia familiar\u201d, agreg\u00f3.<\/p>\n<p>La docente Liz Mendoza, docente de la Campa\u00f1a 2025, mencion\u00f3 que ser maestro bicontinental es \u201cun orgullo enorme, por representar a mi provincia y por transmitir la identidad por habitar el territorio fueguino en aquellas latitudes que son parte de la provincia de Tierra del Fuego, Ant\u00e1rtida e Islas del Atl\u00e1ntico Sur\u201d.<\/p>\n<p>Del mismo modo, la docente Eliza Lucero, quien form\u00f3 parte de la Campa\u00f1a 2011, destac\u00f3 que \u201ces una experiencia maravillosa a la cual invito a toda la comunidad docente a disfrutarla, decidir, y desear cumplir con un sue\u00f1o porque es un antes y un despu\u00e9s\u201d.<\/p>\n<p>\u201cPara m\u00ed la Ant\u00e1rtida fue cumplir un proyecto familiar e institucional. Fue un orgullo y un honor para m\u00ed y mi familia haber colaborado con la permanencia de la Argentina en la Ant\u00e1rtida y si tuviera que volver, estar\u00eda muy honrado porque realmente sentimos que fue algo muy importante en nuestras vidas\u201d destac\u00f3 el docente Denis Barrios de la Campa\u00f1a 2022.<\/p>\n<p>\u201cA los nuevos docentes, las nuevas generaciones que tengan en cuenta esta posibilidad no solo de trabajo sino de crecimiento personal, para tener esta experiencia y vivencias y seguir haciendo soberan\u00eda\u201d, a\u00f1adi\u00f3 Barrios.<\/p>\n<p>Asimismo se detall\u00f3 que se est\u00e1 trabajando junto a la Secretar\u00eda de Malvinas y Asuntos Internacionales en revisar la normativa que da acceso a ser part\u00edcipe de la selecci\u00f3n de maestros ant\u00e1rticos. La intenci\u00f3n no es modificar en profundidad esa normativa y esas condiciones, sino agiornarlas a la actualidad, para lo que se va a tener en cuenta a los docentes para su revisi\u00f3n.<\/p>\n<p>Al finalizar el evento, se hizo entrega de un presente a cada familia docente bicontinental y se comparti\u00f3 un desayuno.<\/p>\n<p><img loading=\"lazy\" decoding=\"async\" class=\"alignnone size-medium wp-image-69143\" src=\"https:\/\/hablemosclarotdf.com.ar\/wp-content\/uploads\/2026\/03\/photo_2026-03-12_10-03-52-300x199.jpg\" alt=\"\" width=\"300\" height=\"199\" srcset=\"https:\/\/hablemosclarotdf.com.ar\/wp-content\/uploads\/2026\/03\/photo_2026-03-12_10-03-52-300x199.jpg 300w, https:\/\/hablemosclarotdf.com.ar\/wp-content\/uploads\/2026\/03\/photo_2026-03-12_10-03-52-1024x680.jpg 1024w, https:\/\/hablemosclarotdf.com.ar\/wp-content\/uploads\/2026\/03\/photo_2026-03-12_10-03-52-768x510.jpg 768w, https:\/\/hablemosclarotdf.com.ar\/wp-content\/uploads\/2026\/03\/photo_2026-03-12_10-03-52.jpg 1280w\" sizes=\"auto, (max-width: 300px) 100vw, 300px\" \/> <img loading=\"lazy\" decoding=\"async\" class=\"alignnone size-medium wp-image-69144\" src=\"https:\/\/hablemosclarotdf.com.ar\/wp-content\/uploads\/2026\/03\/photo_2026-03-12_10-03-59-300x199.jpg\" alt=\"\" width=\"300\" height=\"199\" srcset=\"https:\/\/hablemosclarotdf.com.ar\/wp-content\/uploads\/2026\/03\/photo_2026-03-12_10-03-59-300x199.jpg 300w, https:\/\/hablemosclarotdf.com.ar\/wp-content\/uploads\/2026\/03\/photo_2026-03-12_10-03-59-1024x680.jpg 1024w, https:\/\/hablemosclarotdf.com.ar\/wp-content\/uploads\/2026\/03\/photo_2026-03-12_10-03-59-768x510.jpg 768w, https:\/\/hablemosclarotdf.com.ar\/wp-content\/uploads\/2026\/03\/photo_2026-03-12_10-03-59.jpg 1280w\" sizes=\"auto, (max-width: 300px) 100vw, 300px\" \/> <img loading=\"lazy\" decoding=\"async\" class=\"alignnone size-medium wp-image-69145\" src=\"https:\/\/hablemosclarotdf.com.ar\/wp-content\/uploads\/2026\/03\/photo_2026-03-12_10-04-03-300x199.jpg\" alt=\"\" width=\"300\" height=\"199\" srcset=\"https:\/\/hablemosclarotdf.com.ar\/wp-content\/uploads\/2026\/03\/photo_2026-03-12_10-04-03-300x199.jpg 300w, https:\/\/hablemosclarotdf.com.ar\/wp-content\/uploads\/2026\/03\/photo_2026-03-12_10-04-03-1024x680.jpg 1024w, https:\/\/hablemosclarotdf.com.ar\/wp-content\/uploads\/2026\/03\/photo_2026-03-12_10-04-03-768x510.jpg 768w, https:\/\/hablemosclarotdf.com.ar\/wp-content\/uploads\/2026\/03\/photo_2026-03-12_10-04-03.jpg 1280w\" sizes=\"auto, (max-width: 300px) 100vw, 300px\" \/> <img loading=\"lazy\" decoding=\"async\" class=\"alignnone size-medium wp-image-69146\" src=\"https:\/\/hablemosclarotdf.com.ar\/wp-content\/uploads\/2026\/03\/photo_2026-03-12_10-04-08-300x199.jpg\" alt=\"\" width=\"300\" height=\"199\" srcset=\"https:\/\/hablemosclarotdf.com.ar\/wp-content\/uploads\/2026\/03\/photo_2026-03-12_10-04-08-300x199.jpg 300w, https:\/\/hablemosclarotdf.com.ar\/wp-content\/uploads\/2026\/03\/photo_2026-03-12_10-04-08-1024x678.jpg 1024w, https:\/\/hablemosclarotdf.com.ar\/wp-content\/uploads\/2026\/03\/photo_2026-03-12_10-04-08-768x509.jpg 768w, https:\/\/hablemosclarotdf.com.ar\/wp-content\/uploads\/2026\/03\/photo_2026-03-12_10-04-08.jpg 1280w\" sizes=\"auto, (max-width: 300px) 100vw, 300px\" \/><\/p>\n","protected":false},"excerpt":{"rendered":"<p>Este martes 11 de marzo se celebr\u00f3 el D\u00eda del Maestro y la Maestra Bicontinental,&#8230;<\/p>\n","protected":false},"author":1,"featured_media":69142,"comment_status":"closed","ping_status":"closed","sticky":false,"template":"","format":"standard","meta":{"footnotes":""},"categories":[3],"tags":[],"class_list":["post-69141","post","type-post","status-publish","format-standard","has-post-thumbnail","hentry","category-noticias"],"jetpack_featured_media_url":"https:\/\/hablemosclarotdf.com.ar\/wp-content\/uploads\/2026\/03\/photo_2026-03-12_10-03-48.jpg","_links":{"self":[{"href":"https:\/\/hablemosclarotdf.com.ar\/index.php?rest_route=\/wp\/v2\/posts\/69141","targetHints":{"allow":["GET"]}}],"collection":[{"href":"https:\/\/hablemosclarotdf.com.ar\/index.php?rest_route=\/wp\/v2\/posts"}],"about":[{"href":"https:\/\/hablemosclarotdf.com.ar\/index.php?rest_route=\/wp\/v2\/types\/post"}],"author":[{"embeddable":true,"href":"https:\/\/hablemosclarotdf.com.ar\/index.php?rest_route=\/wp\/v2\/users\/1"}],"replies":[{"embeddable":true,"href":"https:\/\/hablemosclarotdf.com.ar\/index.php?rest_route=%2Fwp%2Fv2%2Fcomments&post=69141"}],"version-history":[{"count":1,"href":"https:\/\/hablemosclarotdf.com.ar\/index.php?rest_route=\/wp\/v2\/posts\/69141\/revisions"}],"predecessor-version":[{"id":69147,"href":"https:\/\/hablemosclarotdf.com.ar\/index.php?rest_route=\/wp\/v2\/posts\/69141\/revisions\/69147"}],"wp:featuredmedia":[{"embeddable":true,"href":"https:\/\/hablemosclarotdf.com.ar\/index.php?rest_route=\/wp\/v2\/media\/69142"}],"wp:attachment":[{"href":"https:\/\/hablemosclarotdf.com.ar\/index.php?rest_route=%2Fwp%2Fv2%2Fmedia&parent=69141"}],"wp:term":[{"taxonomy":"category","embeddable":true,"href":"https:\/\/hablemosclarotdf.com.ar\/index.php?rest_route=%2Fwp%2Fv2%2Fcategories&post=69141"},{"taxonomy":"post_tag","embeddable":true,"href":"https:\/\/hablemosclarotdf.com.ar\/index.php?rest_route=%2Fwp%2Fv2%2Ftags&post=69141"}],"curies":[{"name":"wp","href":"https:\/\/api.w.org\/{rel}","templated":true}]}}