{"id":69135,"date":"2026-03-12T09:58:08","date_gmt":"2026-03-12T12:58:08","guid":{"rendered":"https:\/\/hablemosclarotdf.com.ar\/?p=69135"},"modified":"2026-03-12T09:58:08","modified_gmt":"2026-03-12T12:58:08","slug":"feriantes-del-fin-del-mundo-edicion-especial-por-el-mes-de-la-mujer","status":"publish","type":"post","link":"https:\/\/hablemosclarotdf.com.ar\/?p=69135","title":{"rendered":"FERIANTES DEL FIN DEL MUNDO: EDICI\u00d3N ESPECIAL POR EL MES DE  LA MUJER"},"content":{"rendered":"<p>El Gobierno de la Provincia de Tierra del Fuego, a trav\u00e9s de la Secretar\u00eda de Representaci\u00f3n Pol\u00edtica, llevar\u00e1 adelante una nueva edici\u00f3n de la feria \u201cFeriantes del Fin del Mundo\u201d, en el marco de las actividades por el Mes de la Mujer.<\/p>\n<p>La propuesta se realizar\u00e1 los d\u00edas s\u00e1bado 14 y domingo 15 de 15 a 21 horas en el Gimnasio de la Escuela Provincial N\u00b0 2, ubicado en Rivadavia 599, en la ciudad de R\u00edo Grande.<\/p>\n<p>Emprendedores y emprendedoras locales ofrecer\u00e1n una amplia variedad de productos, entre ellos accesorios, electr\u00f3nica, art\u00edculos para el hogar, indumentaria y gastronom\u00eda local, generando un espacio de encuentro para la comunidad y de fortalecimiento para el sector emprendedor.<\/p>\n<p>En este sentido, Sandra Ramos, parte de la organizaci\u00f3n, se\u00f1al\u00f3 que el objetivo de la feria es \u201ccrear un espacio de encuentro para los vecinos y destacar el rol de la mujer, promoviendo adem\u00e1s el acompa\u00f1amiento a emprendedoras y emprendedores locales\u201d<\/p>\n<p>Asimismo, la jornada contar\u00e1 con espect\u00e1culos en vivo protagonizados por mujeres, con la presentaci\u00f3n de una DJ y una cantante que acompa\u00f1ar\u00e1n la propuesta cultural del evento.<\/p>\n<p>Este tipo de iniciativas buscan acompa\u00f1ar a los emprendedores y generar espacios que impulsen la econom\u00eda local en el actual contexto socioecon\u00f3mico.<\/p>\n<p><img loading=\"lazy\" decoding=\"async\" class=\"alignnone size-medium wp-image-69137\" src=\"https:\/\/hablemosclarotdf.com.ar\/wp-content\/uploads\/2026\/03\/photo_2026-03-12_09-56-59-300x200.jpg\" alt=\"\" width=\"300\" height=\"200\" srcset=\"https:\/\/hablemosclarotdf.com.ar\/wp-content\/uploads\/2026\/03\/photo_2026-03-12_09-56-59-300x200.jpg 300w, https:\/\/hablemosclarotdf.com.ar\/wp-content\/uploads\/2026\/03\/photo_2026-03-12_09-56-59-1024x682.jpg 1024w, https:\/\/hablemosclarotdf.com.ar\/wp-content\/uploads\/2026\/03\/photo_2026-03-12_09-56-59-768x511.jpg 768w, https:\/\/hablemosclarotdf.com.ar\/wp-content\/uploads\/2026\/03\/photo_2026-03-12_09-56-59.jpg 1280w\" sizes=\"auto, (max-width: 300px) 100vw, 300px\" \/> <img loading=\"lazy\" decoding=\"async\" class=\"alignnone size-medium wp-image-69138\" src=\"https:\/\/hablemosclarotdf.com.ar\/wp-content\/uploads\/2026\/03\/photo_2026-03-12_09-57-05-300x200.jpg\" alt=\"\" width=\"300\" height=\"200\" srcset=\"https:\/\/hablemosclarotdf.com.ar\/wp-content\/uploads\/2026\/03\/photo_2026-03-12_09-57-05-300x200.jpg 300w, https:\/\/hablemosclarotdf.com.ar\/wp-content\/uploads\/2026\/03\/photo_2026-03-12_09-57-05-1024x682.jpg 1024w, https:\/\/hablemosclarotdf.com.ar\/wp-content\/uploads\/2026\/03\/photo_2026-03-12_09-57-05-768x511.jpg 768w, https:\/\/hablemosclarotdf.com.ar\/wp-content\/uploads\/2026\/03\/photo_2026-03-12_09-57-05.jpg 1280w\" sizes=\"auto, (max-width: 300px) 100vw, 300px\" \/> <img loading=\"lazy\" decoding=\"async\" class=\"alignnone size-medium wp-image-69139\" src=\"https:\/\/hablemosclarotdf.com.ar\/wp-content\/uploads\/2026\/03\/photo_2026-03-12_09-57-09-300x200.jpg\" alt=\"\" width=\"300\" height=\"200\" srcset=\"https:\/\/hablemosclarotdf.com.ar\/wp-content\/uploads\/2026\/03\/photo_2026-03-12_09-57-09-300x200.jpg 300w, https:\/\/hablemosclarotdf.com.ar\/wp-content\/uploads\/2026\/03\/photo_2026-03-12_09-57-09-1024x682.jpg 1024w, https:\/\/hablemosclarotdf.com.ar\/wp-content\/uploads\/2026\/03\/photo_2026-03-12_09-57-09-768x511.jpg 768w, https:\/\/hablemosclarotdf.com.ar\/wp-content\/uploads\/2026\/03\/photo_2026-03-12_09-57-09.jpg 1280w\" sizes=\"auto, (max-width: 300px) 100vw, 300px\" \/><\/p>\n","protected":false},"excerpt":{"rendered":"<p>El Gobierno de la Provincia de Tierra del Fuego, a trav\u00e9s de la Secretar\u00eda de&#8230;<\/p>\n","protected":false},"author":1,"featured_media":69136,"comment_status":"closed","ping_status":"closed","sticky":false,"template":"","format":"standard","meta":{"footnotes":""},"categories":[3],"tags":[],"class_list":["post-69135","post","type-post","status-publish","format-standard","has-post-thumbnail","hentry","category-noticias"],"jetpack_featured_media_url":"https:\/\/hablemosclarotdf.com.ar\/wp-content\/uploads\/2026\/03\/photo_2026-03-12_09-56-54.jpg","_links":{"self":[{"href":"https:\/\/hablemosclarotdf.com.ar\/index.php?rest_route=\/wp\/v2\/posts\/69135","targetHints":{"allow":["GET"]}}],"collection":[{"href":"https:\/\/hablemosclarotdf.com.ar\/index.php?rest_route=\/wp\/v2\/posts"}],"about":[{"href":"https:\/\/hablemosclarotdf.com.ar\/index.php?rest_route=\/wp\/v2\/types\/post"}],"author":[{"embeddable":true,"href":"https:\/\/hablemosclarotdf.com.ar\/index.php?rest_route=\/wp\/v2\/users\/1"}],"replies":[{"embeddable":true,"href":"https:\/\/hablemosclarotdf.com.ar\/index.php?rest_route=%2Fwp%2Fv2%2Fcomments&post=69135"}],"version-history":[{"count":1,"href":"https:\/\/hablemosclarotdf.com.ar\/index.php?rest_route=\/wp\/v2\/posts\/69135\/revisions"}],"predecessor-version":[{"id":69140,"href":"https:\/\/hablemosclarotdf.com.ar\/index.php?rest_route=\/wp\/v2\/posts\/69135\/revisions\/69140"}],"wp:featuredmedia":[{"embeddable":true,"href":"https:\/\/hablemosclarotdf.com.ar\/index.php?rest_route=\/wp\/v2\/media\/69136"}],"wp:attachment":[{"href":"https:\/\/hablemosclarotdf.com.ar\/index.php?rest_route=%2Fwp%2Fv2%2Fmedia&parent=69135"}],"wp:term":[{"taxonomy":"category","embeddable":true,"href":"https:\/\/hablemosclarotdf.com.ar\/index.php?rest_route=%2Fwp%2Fv2%2Fcategories&post=69135"},{"taxonomy":"post_tag","embeddable":true,"href":"https:\/\/hablemosclarotdf.com.ar\/index.php?rest_route=%2Fwp%2Fv2%2Ftags&post=69135"}],"curies":[{"name":"wp","href":"https:\/\/api.w.org\/{rel}","templated":true}]}}