{"id":69083,"date":"2026-03-11T17:16:49","date_gmt":"2026-03-11T20:16:49","guid":{"rendered":"https:\/\/hablemosclarotdf.com.ar\/?p=69083"},"modified":"2026-03-11T17:16:49","modified_gmt":"2026-03-11T20:16:49","slug":"rio-grande-sumate-a-los-grupos-terapeuticos-de-ansiedad-en-casa-de-jovenes-3","status":"publish","type":"post","link":"https:\/\/hablemosclarotdf.com.ar\/?p=69083","title":{"rendered":"RIO GRANDE : SUMATE A LOS GRUPOS TERAP\u00c9UTICOS DE ANSIEDAD EN CASA DE J\u00d3VENES"},"content":{"rendered":"<p>El Municipio de R\u00edo Grande, a trav\u00e9s de la Direcci\u00f3n General de Salud Mental y Adicciones, invita a vecinos y vecinas mayores de 18 a\u00f1os a participar de los Grupos Terap\u00e9uticos de Ansiedad que se desarrollar\u00e1n en Casa de J\u00f3venes, ubicada en Isla de los Estados 1195.<\/p>\n<p>La propuesta consiste en una serie de encuentros coordinados por profesionales psic\u00f3logos y trabajadores sociales, donde se brindar\u00e1n herramientas para la gesti\u00f3n emocional, el abordaje de la ansiedad y el desarrollo de estrategias de afrontamiento. El espacio tiene como objetivo acompa\u00f1ar a la comunidad en la comprensi\u00f3n y el manejo de esta problem\u00e1tica cuando comienza a afectar la vida cotidiana.<\/p>\n<p>Los grupos iniciar\u00e1n en el mes de marzo y se llevar\u00e1n adelante los d\u00edas martes y viernes a partir de las 17 horas.<\/p>\n<p>Quienes est\u00e9n interesados en participar podr\u00e1n inscribirse telef\u00f3nicamente al 436223 o de manera presencial en Casa de J\u00f3venes (Isla de los Estados 1195).<\/p>\n<p>A trav\u00e9s de esta iniciativa, el Estado Municipal contin\u00faa fortaleciendo el acceso a la salud mental, promoviendo espacios de prevenci\u00f3n, acompa\u00f1amiento y bienestar integral con un enfoque comunitario.<\/p>\n","protected":false},"excerpt":{"rendered":"<p>El Municipio de R\u00edo Grande, a trav\u00e9s de la Direcci\u00f3n General de Salud Mental y&#8230;<\/p>\n","protected":false},"author":1,"featured_media":69084,"comment_status":"closed","ping_status":"closed","sticky":false,"template":"","format":"standard","meta":{"footnotes":""},"categories":[3],"tags":[],"class_list":["post-69083","post","type-post","status-publish","format-standard","has-post-thumbnail","hentry","category-noticias"],"jetpack_featured_media_url":"https:\/\/hablemosclarotdf.com.ar\/wp-content\/uploads\/2026\/03\/photo_2026-03-11_17-16-27.jpg","_links":{"self":[{"href":"https:\/\/hablemosclarotdf.com.ar\/index.php?rest_route=\/wp\/v2\/posts\/69083","targetHints":{"allow":["GET"]}}],"collection":[{"href":"https:\/\/hablemosclarotdf.com.ar\/index.php?rest_route=\/wp\/v2\/posts"}],"about":[{"href":"https:\/\/hablemosclarotdf.com.ar\/index.php?rest_route=\/wp\/v2\/types\/post"}],"author":[{"embeddable":true,"href":"https:\/\/hablemosclarotdf.com.ar\/index.php?rest_route=\/wp\/v2\/users\/1"}],"replies":[{"embeddable":true,"href":"https:\/\/hablemosclarotdf.com.ar\/index.php?rest_route=%2Fwp%2Fv2%2Fcomments&post=69083"}],"version-history":[{"count":1,"href":"https:\/\/hablemosclarotdf.com.ar\/index.php?rest_route=\/wp\/v2\/posts\/69083\/revisions"}],"predecessor-version":[{"id":69085,"href":"https:\/\/hablemosclarotdf.com.ar\/index.php?rest_route=\/wp\/v2\/posts\/69083\/revisions\/69085"}],"wp:featuredmedia":[{"embeddable":true,"href":"https:\/\/hablemosclarotdf.com.ar\/index.php?rest_route=\/wp\/v2\/media\/69084"}],"wp:attachment":[{"href":"https:\/\/hablemosclarotdf.com.ar\/index.php?rest_route=%2Fwp%2Fv2%2Fmedia&parent=69083"}],"wp:term":[{"taxonomy":"category","embeddable":true,"href":"https:\/\/hablemosclarotdf.com.ar\/index.php?rest_route=%2Fwp%2Fv2%2Fcategories&post=69083"},{"taxonomy":"post_tag","embeddable":true,"href":"https:\/\/hablemosclarotdf.com.ar\/index.php?rest_route=%2Fwp%2Fv2%2Ftags&post=69083"}],"curies":[{"name":"wp","href":"https:\/\/api.w.org\/{rel}","templated":true}]}}