{"id":69065,"date":"2026-03-11T16:29:26","date_gmt":"2026-03-11T19:29:26","guid":{"rendered":"https:\/\/hablemosclarotdf.com.ar\/?p=69065"},"modified":"2026-03-11T16:29:26","modified_gmt":"2026-03-11T19:29:26","slug":"rio-grande-el-municipio-trabaja-en-la-puesta-a-punto-de-los-monumentos-y-el-paseo-heroes-de-malvinas","status":"publish","type":"post","link":"https:\/\/hablemosclarotdf.com.ar\/?p=69065","title":{"rendered":"RIO GRANDE : EL MUNICIPIO TRABAJA EN LA PUESTA A PUNTO DE LOS MONUMENTOS Y EL PASEO \u201cH\u00c9ROES DE MALVINAS\u201d"},"content":{"rendered":"<p>Se trata de una zona emblem\u00e1tica para todos los y las riograndenses. El Municipio realiz\u00f3 tareas de embellecimiento, reacondicionamiento y mejoras en los monumentos y en el paseo ubicado sobre la Av. H\u00e9roes de Malvinas.<\/p>\n<p>En el marco de nuevo aniversario de la Gloriosa Gesta de Malvinas, el Municipio de R\u00edo Grande, a trav\u00e9s de la Secretar\u00eda de Obras y Servicios P\u00fablicos, llev\u00f3 adelante diversos trabajos para la puesta en valor del sector de monumentos y en el Paseo \u201cH\u00e9roes de Malvinas\u201d, uno de los espacios m\u00e1s representativos de la memoria colectiva de la ciudad.<\/p>\n<p>Las tareas incluyeron trabajos de pintura y reacondicionamiento en los monumentos dedicados a Malvinas, Gendarmer\u00eda y Ej\u00e9rcito, as\u00ed como intervenciones sobre los murales que forman parte del recorrido simb\u00f3lico del sector.<\/p>\n<p>Asimismo, se realizaron tareas de pintura en la bicisenda y en los cordones cuneta sobre la avenida H\u00e9roes de Malvina, en el tramo comprendido entre Thorne y el Parque de los 100 A\u00f1os. Adem\u00e1s, se avanza con el armado del palco donde se llevar\u00e1 a cabo el acto central del 2 de Abril.<\/p>\n<p>De esta manera, se busca preservar y poner en valor los espacios que recuerdan y honran a quienes defendieron la soberan\u00eda argentina en las Islas Malvinas.<\/p>\n<p>Estas intervenciones forman parte de las acciones que el Municipio desarrolla de manera permanente para cuidar y fortalecer los espacios de memoria de la ciudad, especialmente en el marco de las actividades conmemorativas vinculadas a la causa Malvinas.<\/p>\n<p><img loading=\"lazy\" decoding=\"async\" class=\"alignnone size-medium wp-image-69067\" src=\"https:\/\/hablemosclarotdf.com.ar\/wp-content\/uploads\/2026\/03\/photo_2026-03-11_16-27-32-300x200.jpg\" alt=\"\" width=\"300\" height=\"200\" srcset=\"https:\/\/hablemosclarotdf.com.ar\/wp-content\/uploads\/2026\/03\/photo_2026-03-11_16-27-32-300x200.jpg 300w, https:\/\/hablemosclarotdf.com.ar\/wp-content\/uploads\/2026\/03\/photo_2026-03-11_16-27-32-768x512.jpg 768w, https:\/\/hablemosclarotdf.com.ar\/wp-content\/uploads\/2026\/03\/photo_2026-03-11_16-27-32.jpg 1000w\" sizes=\"auto, (max-width: 300px) 100vw, 300px\" \/><\/p>\n","protected":false},"excerpt":{"rendered":"<p>Se trata de una zona emblem\u00e1tica para todos los y las riograndenses. El Municipio realiz\u00f3&#8230;<\/p>\n","protected":false},"author":1,"featured_media":69066,"comment_status":"closed","ping_status":"closed","sticky":false,"template":"","format":"standard","meta":{"footnotes":""},"categories":[3],"tags":[],"class_list":["post-69065","post","type-post","status-publish","format-standard","has-post-thumbnail","hentry","category-noticias"],"jetpack_featured_media_url":"https:\/\/hablemosclarotdf.com.ar\/wp-content\/uploads\/2026\/03\/photo_2026-03-11_16-27-23.jpg","_links":{"self":[{"href":"https:\/\/hablemosclarotdf.com.ar\/index.php?rest_route=\/wp\/v2\/posts\/69065","targetHints":{"allow":["GET"]}}],"collection":[{"href":"https:\/\/hablemosclarotdf.com.ar\/index.php?rest_route=\/wp\/v2\/posts"}],"about":[{"href":"https:\/\/hablemosclarotdf.com.ar\/index.php?rest_route=\/wp\/v2\/types\/post"}],"author":[{"embeddable":true,"href":"https:\/\/hablemosclarotdf.com.ar\/index.php?rest_route=\/wp\/v2\/users\/1"}],"replies":[{"embeddable":true,"href":"https:\/\/hablemosclarotdf.com.ar\/index.php?rest_route=%2Fwp%2Fv2%2Fcomments&post=69065"}],"version-history":[{"count":1,"href":"https:\/\/hablemosclarotdf.com.ar\/index.php?rest_route=\/wp\/v2\/posts\/69065\/revisions"}],"predecessor-version":[{"id":69068,"href":"https:\/\/hablemosclarotdf.com.ar\/index.php?rest_route=\/wp\/v2\/posts\/69065\/revisions\/69068"}],"wp:featuredmedia":[{"embeddable":true,"href":"https:\/\/hablemosclarotdf.com.ar\/index.php?rest_route=\/wp\/v2\/media\/69066"}],"wp:attachment":[{"href":"https:\/\/hablemosclarotdf.com.ar\/index.php?rest_route=%2Fwp%2Fv2%2Fmedia&parent=69065"}],"wp:term":[{"taxonomy":"category","embeddable":true,"href":"https:\/\/hablemosclarotdf.com.ar\/index.php?rest_route=%2Fwp%2Fv2%2Fcategories&post=69065"},{"taxonomy":"post_tag","embeddable":true,"href":"https:\/\/hablemosclarotdf.com.ar\/index.php?rest_route=%2Fwp%2Fv2%2Ftags&post=69065"}],"curies":[{"name":"wp","href":"https:\/\/api.w.org\/{rel}","templated":true}]}}