{"id":69062,"date":"2026-03-11T16:25:52","date_gmt":"2026-03-11T19:25:52","guid":{"rendered":"https:\/\/hablemosclarotdf.com.ar\/?p=69062"},"modified":"2026-03-11T16:25:52","modified_gmt":"2026-03-11T19:25:52","slug":"ushuaia-la-municipalidad-llevara-adelante-el-acto-de-apertura-de-la-7-edicion-del-emush-en-la-casa-de-la-cultura-enriqueta-gastelumendi","status":"publish","type":"post","link":"https:\/\/hablemosclarotdf.com.ar\/?p=69062","title":{"rendered":"USHUAIA:   LA MUNICIPALIDAD  LLEVAR\u00c1 ADELANTE EL ACTO DE APERTURA DE LA 7\u00b0 EDICI\u00d3N DEL EMUSH EN LA CASA DE LA CULTURA ENRIQUETA GASTELUMENDI"},"content":{"rendered":"<p>La Secretar\u00eda de Pol\u00edticas Ambientales, Culturales y Educativas de la Municipalidad de Ushuaia, en el marco de la 7\u00b0 Edici\u00f3n del Encuentro Internacional de Muralistas en el Fin del Mundo EMUSH 2026, llevar\u00e1 adelante el acto de apertura este domingo 15 de marzo a las 18:00 horas en la Casa de la Cultura Enriqueta Gastelumendi.<br \/>\nDicha propuesta, que se enmarca bajo la tem\u00e1tica Inconsciente Colectivo, buscar\u00e1 plasmar en los muros de la ciudad propuestas vinculadas a las memorias compartidas, la construcci\u00f3n democr\u00e1tica y los procesos comunitarios. All\u00ed se presentar\u00e1 a las y los artistas e instituciones seleccionadas: Florencia Savulslky, Almendra C\u00e1rcamo y Dina Rakhimzhanova de la ciudad de Ushuaia, Emmanuel Mu\u00f1oz por R\u00edo Grande, Mar\u00eda Esposito de la Ciudad de Buenos Aires, Santiago Mansilla de Merlo, Provincia de Buenos Aires, Leonardo Gauna de La Plata y la artista de R\u00edo de Janeiro, Brasil Ester Diniz. As\u00ed tambi\u00e9n, habr\u00e1 intervenciones de arte mural a cargo de las instituciones Murales del Sur, CAAD y la Sociedad Italiana de Ushuaia. Al finalizar la presentaci\u00f3n, las y los asistentes ser\u00e1n invitados a recorrer la muestra \u201cUshuaia, Ciudad de Murales\u201d, exhibida en el Foyer \u201cEgo Pereda\u201d de la Casa de la Cultura Enriqueta Gastelumendi.<br \/>\nDavid Ferreyra, secretario de Pol\u00edticas Ambientales, Culturales y Educativas, detall\u00f3 que \u201cnos llena de orgullo invitar a la comunidad a esta nueva edici\u00f3n del EMUSH, una pol\u00edtica p\u00fablica impulsada por nuestro intendente Walter Vuoto para democratizar el acceso a la cultura y el arte que ha convertido nuestra ciudad en una verdadera galer\u00eda a cielo abierto con m\u00e1s de 400 obras en Ushuaia\u201d.<br \/>\n\u201cAdem\u00e1s de la convocatoria hist\u00f3rica en t\u00e9rminos de proyectos postulados, superando los 160 de artistas locales, nacionales e internacionales, en esta edici\u00f3n se dar\u00e1 como novedad la participaci\u00f3n de instituciones. Algo que habla del crecimiento de este programa y el inter\u00e9s que despierta en la comunidad art\u00edstica\u201d concluy\u00f3 Ferreyra.<br \/>\nPara conocer m\u00e1s sobre la 7\u00b0 Edici\u00f3n del Encuentro Internacional de Muralistas en el Fin del Mundo EMUSH 2026, las y los interesados podr\u00e1n visitar las redes sociales de la Municipalidad de Ushuaia en @UshuaiaMunicipalidad y la Secretar\u00eda de Pol\u00edticas Ambientales, Culturales y Educativas en @CulturayEducacionUsh.<\/p>\n","protected":false},"excerpt":{"rendered":"<p>La Secretar\u00eda de Pol\u00edticas Ambientales, Culturales y Educativas de la Municipalidad de Ushuaia, en el&#8230;<\/p>\n","protected":false},"author":1,"featured_media":69063,"comment_status":"closed","ping_status":"closed","sticky":false,"template":"","format":"standard","meta":{"footnotes":""},"categories":[3],"tags":[],"class_list":["post-69062","post","type-post","status-publish","format-standard","has-post-thumbnail","hentry","category-noticias"],"jetpack_featured_media_url":"https:\/\/hablemosclarotdf.com.ar\/wp-content\/uploads\/2026\/03\/photo_2026-03-11_16-23-18.jpg","_links":{"self":[{"href":"https:\/\/hablemosclarotdf.com.ar\/index.php?rest_route=\/wp\/v2\/posts\/69062","targetHints":{"allow":["GET"]}}],"collection":[{"href":"https:\/\/hablemosclarotdf.com.ar\/index.php?rest_route=\/wp\/v2\/posts"}],"about":[{"href":"https:\/\/hablemosclarotdf.com.ar\/index.php?rest_route=\/wp\/v2\/types\/post"}],"author":[{"embeddable":true,"href":"https:\/\/hablemosclarotdf.com.ar\/index.php?rest_route=\/wp\/v2\/users\/1"}],"replies":[{"embeddable":true,"href":"https:\/\/hablemosclarotdf.com.ar\/index.php?rest_route=%2Fwp%2Fv2%2Fcomments&post=69062"}],"version-history":[{"count":1,"href":"https:\/\/hablemosclarotdf.com.ar\/index.php?rest_route=\/wp\/v2\/posts\/69062\/revisions"}],"predecessor-version":[{"id":69064,"href":"https:\/\/hablemosclarotdf.com.ar\/index.php?rest_route=\/wp\/v2\/posts\/69062\/revisions\/69064"}],"wp:featuredmedia":[{"embeddable":true,"href":"https:\/\/hablemosclarotdf.com.ar\/index.php?rest_route=\/wp\/v2\/media\/69063"}],"wp:attachment":[{"href":"https:\/\/hablemosclarotdf.com.ar\/index.php?rest_route=%2Fwp%2Fv2%2Fmedia&parent=69062"}],"wp:term":[{"taxonomy":"category","embeddable":true,"href":"https:\/\/hablemosclarotdf.com.ar\/index.php?rest_route=%2Fwp%2Fv2%2Fcategories&post=69062"},{"taxonomy":"post_tag","embeddable":true,"href":"https:\/\/hablemosclarotdf.com.ar\/index.php?rest_route=%2Fwp%2Fv2%2Ftags&post=69062"}],"curies":[{"name":"wp","href":"https:\/\/api.w.org\/{rel}","templated":true}]}}