{"id":69040,"date":"2026-03-11T13:57:28","date_gmt":"2026-03-11T16:57:28","guid":{"rendered":"https:\/\/hablemosclarotdf.com.ar\/?p=69040"},"modified":"2026-03-11T13:57:28","modified_gmt":"2026-03-11T16:57:28","slug":"tierra-del-fuego-avanza-en-proyectos-energeticos-y-de-inversion-hidrocarburifera-con-empresas-chinas","status":"publish","type":"post","link":"https:\/\/hablemosclarotdf.com.ar\/?p=69040","title":{"rendered":"TIERRA DEL FUEGO AVANZA EN PROYECTOS ENERG\u00c9TICOS Y DE INVERSI\u00d3N HIDROCARBUR\u00cdFERA CON EMPRESAS CHINAS"},"content":{"rendered":"<p>El presidente del Directorio de Terra Ignis, Maximiliano D\u2019Alessio, junto a la ministra de Energ\u00eda de Tierra del Fuego AIAS, Gabriela Castillo, mantuvieron una reuni\u00f3n de trabajo con representantes de empresas chinas, con el objetivo de avanzar en proyectos vinculados al desarrollo energ\u00e9tico en la provincia.<\/p>\n<p>En ese sentido, D\u2019Alessio explic\u00f3 que \u201cse trat\u00f3 de una reuni\u00f3n de trabajo muy importante en la que pudimos avanzar en aspectos t\u00e9cnicos y administrativos vinculados al desarrollo de la nueva central\u201d.<\/p>\n<p>El titular de Terra Ignis destac\u00f3 adem\u00e1s que \u201ccomenzamos a trabajar en la conformaci\u00f3n de la Uni\u00f3n Transitoria entre Terra Ignis y la filial local de la empresa, Austral Gas, Petr\u00f3leo y Electricidad, que tendr\u00e1 a su cargo la operaci\u00f3n y el mantenimiento de la futura planta\u201d.<\/p>\n<p>Asimismo, indic\u00f3 que \u201ctambi\u00e9n se analizaron posibilidades de inversi\u00f3n en yacimientos hidrocarbur\u00edferos de la provincia, donde la empresa manifest\u00f3 inter\u00e9s y adelant\u00f3 que ya adquiri\u00f3 equipamiento en China con la intenci\u00f3n de traerlo a Tierra del Fuego para avanzar en futuros desarrollos\u201d.<\/p>\n<p>Por su parte, la ministra Castillo explic\u00f3 que \u201cla reuni\u00f3n se dio en el marco del encuentro con el embajador de la Rep\u00fablica Popular China y empresarios de ese pa\u00eds, donde se avanz\u00f3 en una mesa de trabajo con empresas interesadas en invertir en el sector energ\u00e9tico y en el desarrollo hidrocarbur\u00edfero de la provincia\u201d.<\/p>\n<p>Agreg\u00f3 adem\u00e1s que \u201cestos espacios permiten presentar las oportunidades que tiene Tierra del Fuego para ampliar la generaci\u00f3n de energ\u00eda y fortalecer la explotaci\u00f3n hidrocarbur\u00edfera, fomentando nuevas inversiones y consolidando la proyecci\u00f3n de la provincia como destino estrat\u00e9gico para proyectos internacionales\u201d.<\/p>\n<p><img loading=\"lazy\" decoding=\"async\" class=\"alignnone size-medium wp-image-69042\" src=\"https:\/\/hablemosclarotdf.com.ar\/wp-content\/uploads\/2026\/03\/photo_2026-03-11_13-56-13-300x200.jpg\" alt=\"\" width=\"300\" height=\"200\" srcset=\"https:\/\/hablemosclarotdf.com.ar\/wp-content\/uploads\/2026\/03\/photo_2026-03-11_13-56-13-300x200.jpg 300w, https:\/\/hablemosclarotdf.com.ar\/wp-content\/uploads\/2026\/03\/photo_2026-03-11_13-56-13-1024x684.jpg 1024w, https:\/\/hablemosclarotdf.com.ar\/wp-content\/uploads\/2026\/03\/photo_2026-03-11_13-56-13-768x513.jpg 768w, https:\/\/hablemosclarotdf.com.ar\/wp-content\/uploads\/2026\/03\/photo_2026-03-11_13-56-13.jpg 1280w\" sizes=\"auto, (max-width: 300px) 100vw, 300px\" \/> <img loading=\"lazy\" decoding=\"async\" class=\"alignnone size-medium wp-image-69043\" src=\"https:\/\/hablemosclarotdf.com.ar\/wp-content\/uploads\/2026\/03\/photo_2026-03-11_13-56-17-300x200.jpg\" alt=\"\" width=\"300\" height=\"200\" srcset=\"https:\/\/hablemosclarotdf.com.ar\/wp-content\/uploads\/2026\/03\/photo_2026-03-11_13-56-17-300x200.jpg 300w, https:\/\/hablemosclarotdf.com.ar\/wp-content\/uploads\/2026\/03\/photo_2026-03-11_13-56-17-1024x684.jpg 1024w, https:\/\/hablemosclarotdf.com.ar\/wp-content\/uploads\/2026\/03\/photo_2026-03-11_13-56-17-768x513.jpg 768w, https:\/\/hablemosclarotdf.com.ar\/wp-content\/uploads\/2026\/03\/photo_2026-03-11_13-56-17.jpg 1280w\" sizes=\"auto, (max-width: 300px) 100vw, 300px\" \/> <img loading=\"lazy\" decoding=\"async\" class=\"alignnone size-medium wp-image-69044\" src=\"https:\/\/hablemosclarotdf.com.ar\/wp-content\/uploads\/2026\/03\/photo_2026-03-11_13-56-23-300x200.jpg\" alt=\"\" width=\"300\" height=\"200\" srcset=\"https:\/\/hablemosclarotdf.com.ar\/wp-content\/uploads\/2026\/03\/photo_2026-03-11_13-56-23-300x200.jpg 300w, https:\/\/hablemosclarotdf.com.ar\/wp-content\/uploads\/2026\/03\/photo_2026-03-11_13-56-23-1024x684.jpg 1024w, https:\/\/hablemosclarotdf.com.ar\/wp-content\/uploads\/2026\/03\/photo_2026-03-11_13-56-23-768x513.jpg 768w, https:\/\/hablemosclarotdf.com.ar\/wp-content\/uploads\/2026\/03\/photo_2026-03-11_13-56-23.jpg 1280w\" sizes=\"auto, (max-width: 300px) 100vw, 300px\" \/><\/p>\n","protected":false},"excerpt":{"rendered":"<p>El presidente del Directorio de Terra Ignis, Maximiliano D\u2019Alessio, junto a la ministra de Energ\u00eda&#8230;<\/p>\n","protected":false},"author":1,"featured_media":69041,"comment_status":"closed","ping_status":"closed","sticky":false,"template":"","format":"standard","meta":{"footnotes":""},"categories":[3],"tags":[],"class_list":["post-69040","post","type-post","status-publish","format-standard","has-post-thumbnail","hentry","category-noticias"],"jetpack_featured_media_url":"https:\/\/hablemosclarotdf.com.ar\/wp-content\/uploads\/2026\/03\/photo_2026-03-11_13-56-02.jpg","_links":{"self":[{"href":"https:\/\/hablemosclarotdf.com.ar\/index.php?rest_route=\/wp\/v2\/posts\/69040","targetHints":{"allow":["GET"]}}],"collection":[{"href":"https:\/\/hablemosclarotdf.com.ar\/index.php?rest_route=\/wp\/v2\/posts"}],"about":[{"href":"https:\/\/hablemosclarotdf.com.ar\/index.php?rest_route=\/wp\/v2\/types\/post"}],"author":[{"embeddable":true,"href":"https:\/\/hablemosclarotdf.com.ar\/index.php?rest_route=\/wp\/v2\/users\/1"}],"replies":[{"embeddable":true,"href":"https:\/\/hablemosclarotdf.com.ar\/index.php?rest_route=%2Fwp%2Fv2%2Fcomments&post=69040"}],"version-history":[{"count":1,"href":"https:\/\/hablemosclarotdf.com.ar\/index.php?rest_route=\/wp\/v2\/posts\/69040\/revisions"}],"predecessor-version":[{"id":69045,"href":"https:\/\/hablemosclarotdf.com.ar\/index.php?rest_route=\/wp\/v2\/posts\/69040\/revisions\/69045"}],"wp:featuredmedia":[{"embeddable":true,"href":"https:\/\/hablemosclarotdf.com.ar\/index.php?rest_route=\/wp\/v2\/media\/69041"}],"wp:attachment":[{"href":"https:\/\/hablemosclarotdf.com.ar\/index.php?rest_route=%2Fwp%2Fv2%2Fmedia&parent=69040"}],"wp:term":[{"taxonomy":"category","embeddable":true,"href":"https:\/\/hablemosclarotdf.com.ar\/index.php?rest_route=%2Fwp%2Fv2%2Fcategories&post=69040"},{"taxonomy":"post_tag","embeddable":true,"href":"https:\/\/hablemosclarotdf.com.ar\/index.php?rest_route=%2Fwp%2Fv2%2Ftags&post=69040"}],"curies":[{"name":"wp","href":"https:\/\/api.w.org\/{rel}","templated":true}]}}