{"id":69037,"date":"2026-03-11T13:54:42","date_gmt":"2026-03-11T16:54:42","guid":{"rendered":"https:\/\/hablemosclarotdf.com.ar\/?p=69037"},"modified":"2026-03-11T13:54:42","modified_gmt":"2026-03-11T16:54:42","slug":"rio-grande-el-centro-municipal-hermana-carla-riva-celebrara-su-primer-aniversario","status":"publish","type":"post","link":"https:\/\/hablemosclarotdf.com.ar\/?p=69037","title":{"rendered":"RIO GRANDE : EL CENTRO MUNICIPAL \u201cHERMANA CARLA RIVA\u201d CELEBRAR\u00c1 SU PRIMER ANIVERSARIO"},"content":{"rendered":"<p>El dispositivo municipal N\u00ba 15, destinado al abordaje integral de consumos problem\u00e1ticos cumple su primer a\u00f1o de funcionamiento y lo celebrar\u00e1 con un encuentro abierto a la comunidad donde se pondr\u00e1 en valor el trabajo realizado y el compromiso sostenido en el acompa\u00f1amiento integral a personas y familias de la ciudad.<\/p>\n<p>La actividad ser\u00e1 el viernes 13 de marzo a las 12 horas en el Centro Municipal, ubicado en Thorne 481. Durante el encuentro se compartir\u00e1n experiencias, testimonios y distintos espacios participativos que permitir\u00e1n conocer de cerca c\u00f3mo se desarrolla el trabajo cotidiano del equipo interdisciplinario.<\/p>\n<p>La construcci\u00f3n de este espacio fue a partir de una decisi\u00f3n pol\u00edtica del intendente Mart\u00edn Perez con el objetivo de ampliar y fortalecer las acciones orientadas al cuidado de la salud mental en R\u00edo Grande desde una perspectiva integral, comunitaria e interdisciplinaria.<\/p>\n<p>A un a\u00f1o de su apertura, el Centro Municipal \u201cHermana Carla Riva\u201d se consolida como un dispositivo estrat\u00e9gico dentro de la red municipal de salud, trabajando de manera articulada para brindar acompa\u00f1amiento, contenci\u00f3n y herramientas a quienes atraviesan situaciones vinculadas a los consumos problem\u00e1ticos.<\/p>\n<p>El Municipio de R\u00edo Grande invita a la comunidad a participar de la actividad y reafirma su compromiso con la prevenci\u00f3n, el cuidado integral y la participaci\u00f3n activa de la comunidad en la construcci\u00f3n de una ciudad m\u00e1s saludable e inclusiva.<\/p>\n","protected":false},"excerpt":{"rendered":"<p>El dispositivo municipal N\u00ba 15, destinado al abordaje integral de consumos problem\u00e1ticos cumple su primer&#8230;<\/p>\n","protected":false},"author":1,"featured_media":69038,"comment_status":"closed","ping_status":"closed","sticky":false,"template":"","format":"standard","meta":{"footnotes":""},"categories":[3],"tags":[],"class_list":["post-69037","post","type-post","status-publish","format-standard","has-post-thumbnail","hentry","category-noticias"],"jetpack_featured_media_url":"https:\/\/hablemosclarotdf.com.ar\/wp-content\/uploads\/2026\/03\/photo_2026-03-11_13-54-09.jpg","_links":{"self":[{"href":"https:\/\/hablemosclarotdf.com.ar\/index.php?rest_route=\/wp\/v2\/posts\/69037","targetHints":{"allow":["GET"]}}],"collection":[{"href":"https:\/\/hablemosclarotdf.com.ar\/index.php?rest_route=\/wp\/v2\/posts"}],"about":[{"href":"https:\/\/hablemosclarotdf.com.ar\/index.php?rest_route=\/wp\/v2\/types\/post"}],"author":[{"embeddable":true,"href":"https:\/\/hablemosclarotdf.com.ar\/index.php?rest_route=\/wp\/v2\/users\/1"}],"replies":[{"embeddable":true,"href":"https:\/\/hablemosclarotdf.com.ar\/index.php?rest_route=%2Fwp%2Fv2%2Fcomments&post=69037"}],"version-history":[{"count":1,"href":"https:\/\/hablemosclarotdf.com.ar\/index.php?rest_route=\/wp\/v2\/posts\/69037\/revisions"}],"predecessor-version":[{"id":69039,"href":"https:\/\/hablemosclarotdf.com.ar\/index.php?rest_route=\/wp\/v2\/posts\/69037\/revisions\/69039"}],"wp:featuredmedia":[{"embeddable":true,"href":"https:\/\/hablemosclarotdf.com.ar\/index.php?rest_route=\/wp\/v2\/media\/69038"}],"wp:attachment":[{"href":"https:\/\/hablemosclarotdf.com.ar\/index.php?rest_route=%2Fwp%2Fv2%2Fmedia&parent=69037"}],"wp:term":[{"taxonomy":"category","embeddable":true,"href":"https:\/\/hablemosclarotdf.com.ar\/index.php?rest_route=%2Fwp%2Fv2%2Fcategories&post=69037"},{"taxonomy":"post_tag","embeddable":true,"href":"https:\/\/hablemosclarotdf.com.ar\/index.php?rest_route=%2Fwp%2Fv2%2Ftags&post=69037"}],"curies":[{"name":"wp","href":"https:\/\/api.w.org\/{rel}","templated":true}]}}