{"id":69034,"date":"2026-03-11T11:55:57","date_gmt":"2026-03-11T14:55:57","guid":{"rendered":"https:\/\/hablemosclarotdf.com.ar\/?p=69034"},"modified":"2026-03-11T11:55:57","modified_gmt":"2026-03-11T14:55:57","slug":"gobierno-convoca-a-nuevas-jornadas-de-capacitacion-integral-de-inclusion-laboral-en-rio-grande","status":"publish","type":"post","link":"https:\/\/hablemosclarotdf.com.ar\/?p=69034","title":{"rendered":"GOBIERNO CONVOCA A NUEVAS JORNADAS DE CAPACITACI\u00d3N INTEGRAL DE INCLUSI\u00d3N LABORAL EN R\u00cdO GRANDE"},"content":{"rendered":"<p>El Ministerio de Trabajo y Empleo informa que se encuentran abiertas las inscripciones para una nueva edici\u00f3n de la Capacitaci\u00f3n Integral de Inclusi\u00f3n Laboral, una propuesta gratuita que se desarrollar\u00e1 en distintos sectores de la ciudad de R\u00edo Grande, con el objetivo de ampliar el alcance territorial y facilitar el acceso a los servicios que brinda la cartera laboral.<\/p>\n<p>La capacitaci\u00f3n se llevar\u00e1 adelante el 12 de marzo, de 14 a 17 horas, en el Espacio NIDO ubicado en la intersecci\u00f3n de Dos Lomas y 28 de Mayo, y el 13 de marzo, de 14 a 17 horas, en el SUM Arraigo Sur, ubicado en Ex Ruta 3 N\u00b0 1116.<\/p>\n<p>Los encuentros estar\u00e1n centrados en el armado del curr\u00edculum vitae y la preparaci\u00f3n para entrevistas laborales. Adem\u00e1s, se brindar\u00e1 asesoramiento sobre la normativa laboral vigente, se abordar\u00e1n aspectos vinculados a la higiene y seguridad en el trabajo y se informar\u00e1 sobre los distintos programas de asistencia que impulsa el Ministerio de Trabajo y Empleo.<\/p>\n<p>Las personas interesadas podr\u00e1n inscribirse a trav\u00e9s del formulario:<\/p>\n<p>https:\/\/forms.gle\/DdxMvf5qnpnkWRtZA<\/p>\n<p>Tambi\u00e9n podr\u00e1n realizarlo de manera presencial en la delegaci\u00f3n del Ministerio de Trabajo y Empleo en R\u00edo Grande, ubicada en Obligado 750, en el horario de 8 a 16 horas.<\/p>\n","protected":false},"excerpt":{"rendered":"<p>El Ministerio de Trabajo y Empleo informa que se encuentran abiertas las inscripciones para una&#8230;<\/p>\n","protected":false},"author":1,"featured_media":69035,"comment_status":"closed","ping_status":"closed","sticky":false,"template":"","format":"standard","meta":{"footnotes":""},"categories":[3],"tags":[],"class_list":["post-69034","post","type-post","status-publish","format-standard","has-post-thumbnail","hentry","category-noticias"],"jetpack_featured_media_url":"https:\/\/hablemosclarotdf.com.ar\/wp-content\/uploads\/2026\/03\/photo_2026-03-11_11-55-27.jpg","_links":{"self":[{"href":"https:\/\/hablemosclarotdf.com.ar\/index.php?rest_route=\/wp\/v2\/posts\/69034","targetHints":{"allow":["GET"]}}],"collection":[{"href":"https:\/\/hablemosclarotdf.com.ar\/index.php?rest_route=\/wp\/v2\/posts"}],"about":[{"href":"https:\/\/hablemosclarotdf.com.ar\/index.php?rest_route=\/wp\/v2\/types\/post"}],"author":[{"embeddable":true,"href":"https:\/\/hablemosclarotdf.com.ar\/index.php?rest_route=\/wp\/v2\/users\/1"}],"replies":[{"embeddable":true,"href":"https:\/\/hablemosclarotdf.com.ar\/index.php?rest_route=%2Fwp%2Fv2%2Fcomments&post=69034"}],"version-history":[{"count":1,"href":"https:\/\/hablemosclarotdf.com.ar\/index.php?rest_route=\/wp\/v2\/posts\/69034\/revisions"}],"predecessor-version":[{"id":69036,"href":"https:\/\/hablemosclarotdf.com.ar\/index.php?rest_route=\/wp\/v2\/posts\/69034\/revisions\/69036"}],"wp:featuredmedia":[{"embeddable":true,"href":"https:\/\/hablemosclarotdf.com.ar\/index.php?rest_route=\/wp\/v2\/media\/69035"}],"wp:attachment":[{"href":"https:\/\/hablemosclarotdf.com.ar\/index.php?rest_route=%2Fwp%2Fv2%2Fmedia&parent=69034"}],"wp:term":[{"taxonomy":"category","embeddable":true,"href":"https:\/\/hablemosclarotdf.com.ar\/index.php?rest_route=%2Fwp%2Fv2%2Fcategories&post=69034"},{"taxonomy":"post_tag","embeddable":true,"href":"https:\/\/hablemosclarotdf.com.ar\/index.php?rest_route=%2Fwp%2Fv2%2Ftags&post=69034"}],"curies":[{"name":"wp","href":"https:\/\/api.w.org\/{rel}","templated":true}]}}