{"id":69024,"date":"2026-03-11T11:51:18","date_gmt":"2026-03-11T14:51:18","guid":{"rendered":"https:\/\/hablemosclarotdf.com.ar\/?p=69024"},"modified":"2026-03-11T11:51:18","modified_gmt":"2026-03-11T14:51:18","slug":"rio-grande-el-municipio-fortalece-el-trabajo-con-productores-locales-para-consolidar-el-desarrollo-productivo","status":"publish","type":"post","link":"https:\/\/hablemosclarotdf.com.ar\/?p=69024","title":{"rendered":"RIO GRANDE : EL MUNICIPIO FORTALECE EL TRABAJO CON PRODUCTORES LOCALES PARA CONSOLIDAR EL DESARROLLO PRODUCTIVO"},"content":{"rendered":"<p>&nbsp;<\/p>\n<p>El Municipio mantiene una agenda de trabajo sostenida con productores locales, a fin de consolidar la producci\u00f3n en la ciudad y afianzar pol\u00edticas p\u00fablicas que promuevan iniciativas inclusivas y sustentables.<\/p>\n<p>La gesti\u00f3n municipal redobla esfuerzos para sostener, consolidar y proyectar pol\u00edticas productivas para el beneficio de la comunidad. En ese sentido, se llevan adelante programas de fomento productivo, inversiones en infraestructura y acciones de articulaci\u00f3n con productores y entidades t\u00e9cnicas.<\/p>\n<p>Durante los \u00faltimos meses, el Municipio ha fortalecido diversas herramientas orientadas al crecimiento del sector. Entre ellas se destaca el programa \u201cRGA Agroproductiva\u201d, a trav\u00e9s del cual, en los \u00faltimos meses, se asisti\u00f3 a 238 productores mediante la distribuci\u00f3n de 2 millones de plantines de 21 variedades de verduras, con una gran inversi\u00f3n lo que permite a acortar los tiempos productivos y que en muy pocos d\u00edas tengan verduras frescas para ofrecer en el mercado local.<\/p>\n<p>A esta acci\u00f3n se suma el fortalecimiento de la cadena corta de comercializaci\u00f3n -del productor al consumidor- como el Punto RGA Alimentos y el Mercado del Atl\u00e1ntico, donde vecinos y vecinas pueden acceder a productos elaborados por emprendedores, artesanos y productores que representan la identidad productiva de R\u00edo Grande.<\/p>\n<p>Cabe destacar que el Mercado del Atl\u00e1ntico es una propuesta inaugurada hace muy pocos meses, que ha tenido un gran impacto en la comunidad de R\u00edo Grande ya que muchos emprendedores pueden ofrecer sus productos de lunes a lunes.<\/p>\n<p>Asimismo, se acompa\u00f1a constantemente al sector de la producci\u00f3n primaria y con valor agregado, con servicios de al lado de la tierra para promover cultivos a cielo abierto. Se realiz\u00f3 entrega de estufas a biomasa, se facilitan instancias de capacitaci\u00f3n continua y el desarrollo de investigaciones aplicadas con instituciones como el INTA y la Universidad de Tierra del Fuego en la Chacra Agroexperimental pr\u00f3xima a inaugurarse.<\/p>\n<p>Asimismo, se destaca la presentaci\u00f3n del Sello Av\u00edcola Municipal, una pol\u00edtica p\u00fablica destinada a fortalecer la producci\u00f3n av\u00edcola local, acompa\u00f1ando a productores y productoras en el cumplimiento de altos est\u00e1ndares de bioseguridad y calidad. Al d\u00eda de hoy son 13 los productores locales que tienen sello av\u00edcola. Dicho n\u00famero continuar\u00e1 ampli\u00e1ndose para mejorar las buenas pr\u00e1cticas av\u00edcolas y que los productos que se comercialicen en la ciudad sean de excelente calidad.<\/p>\n<p>Se destaca, adem\u00e1s, el trabajo con el sector porcino. A trav\u00e9s del programa Carne Porcina Local, se acompa\u00f1a a 50 peque\u00f1os y medianos productores de R\u00edo Grande, quienes han ido creciendo mejorando su infraestructura a trav\u00e9s de la articulaci\u00f3n p\u00fablico privada, y que hoy abastecen a carnicer\u00edas locales durante todo el a\u00f1o.<\/p>\n<p>R\u00edo Grande avanza en la construcci\u00f3n de un modelo productivo propio, con identidad local y planificaci\u00f3n, basado en el trabajo, el valor agregado y la soberan\u00eda alimentaria.<\/p>\n<p>De esta manera, el Municipio reafirma su compromiso con el desarrollo productivo de la ciudad, sosteniendo pol\u00edticas que generen oportunidades y promuevan el crecimiento de la comunidad.<\/p>\n<p><img loading=\"lazy\" decoding=\"async\" class=\"alignnone size-medium wp-image-69026\" src=\"https:\/\/hablemosclarotdf.com.ar\/wp-content\/uploads\/2026\/03\/photo_2026-03-11_11-50-20-300x200.jpg\" alt=\"\" width=\"300\" height=\"200\" srcset=\"https:\/\/hablemosclarotdf.com.ar\/wp-content\/uploads\/2026\/03\/photo_2026-03-11_11-50-20-300x200.jpg 300w, https:\/\/hablemosclarotdf.com.ar\/wp-content\/uploads\/2026\/03\/photo_2026-03-11_11-50-20-1024x682.jpg 1024w, https:\/\/hablemosclarotdf.com.ar\/wp-content\/uploads\/2026\/03\/photo_2026-03-11_11-50-20-768x512.jpg 768w, https:\/\/hablemosclarotdf.com.ar\/wp-content\/uploads\/2026\/03\/photo_2026-03-11_11-50-20.jpg 1280w\" sizes=\"auto, (max-width: 300px) 100vw, 300px\" \/> <img loading=\"lazy\" decoding=\"async\" class=\"alignnone size-medium wp-image-69027\" src=\"https:\/\/hablemosclarotdf.com.ar\/wp-content\/uploads\/2026\/03\/photo_2026-03-11_11-50-28-300x225.jpg\" alt=\"\" width=\"300\" height=\"225\" srcset=\"https:\/\/hablemosclarotdf.com.ar\/wp-content\/uploads\/2026\/03\/photo_2026-03-11_11-50-28-300x225.jpg 300w, https:\/\/hablemosclarotdf.com.ar\/wp-content\/uploads\/2026\/03\/photo_2026-03-11_11-50-28-768x576.jpg 768w, https:\/\/hablemosclarotdf.com.ar\/wp-content\/uploads\/2026\/03\/photo_2026-03-11_11-50-28.jpg 960w\" sizes=\"auto, (max-width: 300px) 100vw, 300px\" \/><\/p>\n","protected":false},"excerpt":{"rendered":"<p>&nbsp; El Municipio mantiene una agenda de trabajo sostenida con productores locales, a fin de&#8230;<\/p>\n","protected":false},"author":1,"featured_media":69025,"comment_status":"closed","ping_status":"closed","sticky":false,"template":"","format":"standard","meta":{"footnotes":""},"categories":[3],"tags":[],"class_list":["post-69024","post","type-post","status-publish","format-standard","has-post-thumbnail","hentry","category-noticias"],"jetpack_featured_media_url":"https:\/\/hablemosclarotdf.com.ar\/wp-content\/uploads\/2026\/03\/photo_2026-03-11_11-50-07.jpg","_links":{"self":[{"href":"https:\/\/hablemosclarotdf.com.ar\/index.php?rest_route=\/wp\/v2\/posts\/69024","targetHints":{"allow":["GET"]}}],"collection":[{"href":"https:\/\/hablemosclarotdf.com.ar\/index.php?rest_route=\/wp\/v2\/posts"}],"about":[{"href":"https:\/\/hablemosclarotdf.com.ar\/index.php?rest_route=\/wp\/v2\/types\/post"}],"author":[{"embeddable":true,"href":"https:\/\/hablemosclarotdf.com.ar\/index.php?rest_route=\/wp\/v2\/users\/1"}],"replies":[{"embeddable":true,"href":"https:\/\/hablemosclarotdf.com.ar\/index.php?rest_route=%2Fwp%2Fv2%2Fcomments&post=69024"}],"version-history":[{"count":1,"href":"https:\/\/hablemosclarotdf.com.ar\/index.php?rest_route=\/wp\/v2\/posts\/69024\/revisions"}],"predecessor-version":[{"id":69028,"href":"https:\/\/hablemosclarotdf.com.ar\/index.php?rest_route=\/wp\/v2\/posts\/69024\/revisions\/69028"}],"wp:featuredmedia":[{"embeddable":true,"href":"https:\/\/hablemosclarotdf.com.ar\/index.php?rest_route=\/wp\/v2\/media\/69025"}],"wp:attachment":[{"href":"https:\/\/hablemosclarotdf.com.ar\/index.php?rest_route=%2Fwp%2Fv2%2Fmedia&parent=69024"}],"wp:term":[{"taxonomy":"category","embeddable":true,"href":"https:\/\/hablemosclarotdf.com.ar\/index.php?rest_route=%2Fwp%2Fv2%2Fcategories&post=69024"},{"taxonomy":"post_tag","embeddable":true,"href":"https:\/\/hablemosclarotdf.com.ar\/index.php?rest_route=%2Fwp%2Fv2%2Ftags&post=69024"}],"curies":[{"name":"wp","href":"https:\/\/api.w.org\/{rel}","templated":true}]}}