{"id":69016,"date":"2026-03-11T05:32:24","date_gmt":"2026-03-11T08:32:24","guid":{"rendered":"https:\/\/hablemosclarotdf.com.ar\/?p=69016"},"modified":"2026-03-11T05:32:24","modified_gmt":"2026-03-11T08:32:24","slug":"forja-tierra-del-fuego-aeias-comunicado-partido-de-la-concertacion-forja","status":"publish","type":"post","link":"https:\/\/hablemosclarotdf.com.ar\/?p=69016","title":{"rendered":"FORJA Tierra del Fuego Aeias : COMUNICADO PARTIDO DE LA CONCERTACI\u00d3N FORJA"},"content":{"rendered":"<div class=\"x14z9mp xat24cr x1lziwak x1vvkbs xtlvy1s x126k92a\">\n<div dir=\"auto\">Desde nuestro Partido, expresamos nuestro firme rechazo a la decisi\u00f3n del presidente Milei de avanzar con la quita de subsidios y el aumento de las tarifas de los servicios esenciales, particularmente del gas, una medida que impacta de manera directa en la calidad de vida de las familias fueguinas.<\/div>\n<\/div>\n<div class=\"x14z9mp xat24cr x1lziwak x1vvkbs xtlvy1s x126k92a\">\n<div dir=\"auto\">En Tierra del Fuego el gas no es un lujo ni un servicio m\u00e1s: es un recurso indispensable para la vida cotidiana. Las condiciones clim\u00e1ticas del extremo sur del pa\u00eds hacen que la calefacci\u00f3n, la cocci\u00f3n de alimentos y el acceso a energ\u00eda segura dependan fuertemente de este servicio durante gran parte del a\u00f1o.<\/div>\n<\/div>\n<div class=\"x14z9mp xat24cr x1lziwak x1vvkbs xtlvy1s x126k92a\">\n<div dir=\"auto\">La reducci\u00f3n de subsidios no s\u00f3lo encarece el costo de vida de miles de hogares, sino que tambi\u00e9n afecta especialmente a los sectores m\u00e1s vulnerables en un contexto econ\u00f3mico complejo que ya atraviesan muchas familias de nuestra provincia.<\/div>\n<\/div>\n<div class=\"x14z9mp xat24cr x1lziwak x1vvkbs xtlvy1s x126k92a\">\n<div dir=\"auto\">Tierra del Fuego, adem\u00e1s, es una provincia productora de gas, por lo que resulta imprescindible que las pol\u00edticas energ\u00e9ticas nacionales contemplen una mirada federal, equitativa y sensible a las realidades regionales.<\/div>\n<\/div>\n<div class=\"x14z9mp xat24cr x1lziwak x1vvkbs xtlvy1s x126k92a\">\n<div dir=\"auto\">Desde FORJA reafirmamos nuestro compromiso con la defensa de los derechos de los fueguinos y fueguinas, y acompa\u00f1amos todas las iniciativas institucionales que busquen garantizar el acceso justo y equitativo a los servicios esenciales.<\/div>\n<\/div>\n<div class=\"x14z9mp xat24cr x1lziwak x1vvkbs xtlvy1s x126k92a\">\n<div dir=\"auto\">Defender el acceso al gas en nuestra provincia es defender condiciones dignas de vida para toda la comunidad fueguina.<\/div>\n<\/div>\n","protected":false},"excerpt":{"rendered":"<p>Desde nuestro Partido, expresamos nuestro firme rechazo a la decisi\u00f3n del presidente Milei de avanzar&#8230;<\/p>\n","protected":false},"author":1,"featured_media":69017,"comment_status":"closed","ping_status":"closed","sticky":false,"template":"","format":"standard","meta":{"footnotes":""},"categories":[3],"tags":[],"class_list":["post-69016","post","type-post","status-publish","format-standard","has-post-thumbnail","hentry","category-noticias"],"jetpack_featured_media_url":"https:\/\/hablemosclarotdf.com.ar\/wp-content\/uploads\/2026\/03\/650636398_122171978138754594_8198781796250035710_n.jpg","_links":{"self":[{"href":"https:\/\/hablemosclarotdf.com.ar\/index.php?rest_route=\/wp\/v2\/posts\/69016","targetHints":{"allow":["GET"]}}],"collection":[{"href":"https:\/\/hablemosclarotdf.com.ar\/index.php?rest_route=\/wp\/v2\/posts"}],"about":[{"href":"https:\/\/hablemosclarotdf.com.ar\/index.php?rest_route=\/wp\/v2\/types\/post"}],"author":[{"embeddable":true,"href":"https:\/\/hablemosclarotdf.com.ar\/index.php?rest_route=\/wp\/v2\/users\/1"}],"replies":[{"embeddable":true,"href":"https:\/\/hablemosclarotdf.com.ar\/index.php?rest_route=%2Fwp%2Fv2%2Fcomments&post=69016"}],"version-history":[{"count":1,"href":"https:\/\/hablemosclarotdf.com.ar\/index.php?rest_route=\/wp\/v2\/posts\/69016\/revisions"}],"predecessor-version":[{"id":69018,"href":"https:\/\/hablemosclarotdf.com.ar\/index.php?rest_route=\/wp\/v2\/posts\/69016\/revisions\/69018"}],"wp:featuredmedia":[{"embeddable":true,"href":"https:\/\/hablemosclarotdf.com.ar\/index.php?rest_route=\/wp\/v2\/media\/69017"}],"wp:attachment":[{"href":"https:\/\/hablemosclarotdf.com.ar\/index.php?rest_route=%2Fwp%2Fv2%2Fmedia&parent=69016"}],"wp:term":[{"taxonomy":"category","embeddable":true,"href":"https:\/\/hablemosclarotdf.com.ar\/index.php?rest_route=%2Fwp%2Fv2%2Fcategories&post=69016"},{"taxonomy":"post_tag","embeddable":true,"href":"https:\/\/hablemosclarotdf.com.ar\/index.php?rest_route=%2Fwp%2Fv2%2Ftags&post=69016"}],"curies":[{"name":"wp","href":"https:\/\/api.w.org\/{rel}","templated":true}]}}